{"id":7090,"date":"2025-12-01T12:33:34","date_gmt":"2025-12-01T16:33:34","guid":{"rendered":"https:\/\/elmundodelapolitica.com\/v1\/?p=7090"},"modified":"2025-12-01T12:33:34","modified_gmt":"2025-12-01T16:33:34","slug":"diputado-danilo-diaz-demanda-la-renuncia-de-paliza-de-la-presidencia-prm-por-abrir-puertas-al-narcotrafico","status":"publish","type":"post","link":"https:\/\/elmundodelapolitica.com\/v1\/diputado-danilo-diaz-demanda-la-renuncia-de-paliza-de-la-presidencia-prm-por-abrir-puertas-al-narcotrafico\/","title":{"rendered":"Diputado Danilo D\u00edaz demanda la renuncia de Paliza de la presidencia PRM por \u201cabrir puertas al narcotr\u00e1fico\u201d"},"content":{"rendered":"\n<p><strong>Santo Domingo.-&nbsp;<\/strong>El diputado por el<strong>&nbsp;Partido de la Liberaci\u00f3n Dominicana<\/strong>&nbsp;(PLD), Danilo D\u00edaz, pidi\u00f3 este martes la renuncia del presidente del&nbsp;<strong>Partido Revolucionario Moderno&nbsp;<\/strong>(PRM), Jos\u00e9 Ignacio Paliza tras el discurso en el que inst\u00f3 a los pol\u00edticos vinculados al narcotr\u00e1fico a \u201centregarse\u201d a las autoridades.<\/p>\n\n\n\n<p>D\u00edaz dijo que Paliza perdi\u00f3 una<strong>&nbsp;\u201coportunidad de oro\u201d<\/strong>&nbsp;para pedir disculpas a la poblaci\u00f3n por, seg\u00fan afirm\u00f3, haber abierto las puertas del narcotr\u00e1fico mediante la inclusi\u00f3n de exlegisladores y dirigentes electos vinculados o investigados por estos il\u00edcitos. Esto, a su juicio, evidencia el fracaso de su gesti\u00f3n al frente del partido.<\/p>\n\n\n\n<p><strong>\u201cEn cualquier pa\u00eds donde la democracia funciona lo que aplica es que Paliza renuncie, dejar la presidencia del partido y d\u00e1rselo a otro, porque en su gesti\u00f3n fue que se abri\u00f3 la puerta de par en par al narcotr\u00e1fico\u201d,<\/strong>&nbsp;expres\u00f3 D\u00edaz.<\/p>\n\n\n\n<p>El legislador cuestion\u00f3 que el alto dirigente de esa organizaci\u00f3n pol\u00edtica pretenda atribuir a los partidos de oposici\u00f3n los v\u00ednculos con el narcotr\u00e1fico. Asimismo, exhort\u00f3 a todas las organizaciones pol\u00edticas a blindarse mediante el fortalecimiento de los filtros aplicados a quienes aspiran a cargos y a quienes militan en sus filas.<\/p>\n\n\n\n<p>El discurso de Paliza ha generado reacciones encontradas. Mientras algunos sectores valoran el fortalecimiento de las medidas contra el crimen organizado y la lucha contra la impunidad, otros critican lo que consideran una postura permisiva del partido de gobierno frente a figuras vinculadas al narcotr\u00e1fico.<\/p>\n\n\n\n<p>El presidente del PRM afirm\u00f3 que, si hoy la poblaci\u00f3n conoce nombres, expedientes avanzados, procesos activos y m\u00faltiples extradiciones, es porque \u201cel pa\u00eds ha cambiado\u201d.<\/p>\n","protected":false},"excerpt":{"rendered":"<p>Santo Domingo.-&nbsp;El diputado por el&nbsp;Partido de la Liberaci\u00f3n Dominicana&nbsp;(PLD), Danilo D\u00edaz, pidi\u00f3 este martes la renuncia del presidente del&nbsp;Partido Revolucionario Moderno&nbsp;(PRM), Jos\u00e9 Ignacio Paliza tras el discurso en el que&hellip; <\/p>\n","protected":false},"author":1,"featured_media":7138,"comment_status":"closed","ping_status":"closed","sticky":false,"template":"","format":"standard","meta":{"fifu_image_url":"https:\/\/proceso.com.do\/wp-content\/uploads\/2023\/04\/DANILODIAZHOYMISMOSUPER7-650x400.webp","fifu_image_alt":"","footnotes":""},"categories":[12],"tags":[],"class_list":["post-7090","post","type-post","status-publish","format-standard","has-post-thumbnail","hentry","category-agenda-politica"],"_links":{"self":[{"href":"https:\/\/elmundodelapolitica.com\/v1\/wp-json\/wp\/v2\/posts\/7090","targetHints":{"allow":["GET"]}}],"collection":[{"href":"https:\/\/elmundodelapolitica.com\/v1\/wp-json\/wp\/v2\/posts"}],"about":[{"href":"https:\/\/elmundodelapolitica.com\/v1\/wp-json\/wp\/v2\/types\/post"}],"author":[{"embeddable":true,"href":"https:\/\/elmundodelapolitica.com\/v1\/wp-json\/wp\/v2\/users\/1"}],"replies":[{"embeddable":true,"href":"https:\/\/elmundodelapolitica.com\/v1\/wp-json\/wp\/v2\/comments?post=7090"}],"version-history":[{"count":1,"href":"https:\/\/elmundodelapolitica.com\/v1\/wp-json\/wp\/v2\/posts\/7090\/revisions"}],"predecessor-version":[{"id":7137,"href":"https:\/\/elmundodelapolitica.com\/v1\/wp-json\/wp\/v2\/posts\/7090\/revisions\/7137"}],"wp:featuredmedia":[{"embeddable":true,"href":"https:\/\/elmundodelapolitica.com\/v1\/wp-json\/wp\/v2\/media\/7138"}],"wp:attachment":[{"href":"https:\/\/elmundodelapolitica.com\/v1\/wp-json\/wp\/v2\/media?parent=7090"}],"wp:term":[{"taxonomy":"category","embeddable":true,"href":"https:\/\/elmundodelapolitica.com\/v1\/wp-json\/wp\/v2\/categories?post=7090"},{"taxonomy":"post_tag","embeddable":true,"href":"https:\/\/elmundodelapolitica.com\/v1\/wp-json\/wp\/v2\/tags?post=7090"}],"curies":[{"name":"wp","href":"https:\/\/api.w.org\/{rel}","templated":true}]}}