{"id":7080,"date":"2025-12-01T12:37:26","date_gmt":"2025-12-01T16:37:26","guid":{"rendered":"https:\/\/elmundodelapolitica.com\/v1\/?p=7080"},"modified":"2025-12-01T12:37:27","modified_gmt":"2025-12-01T16:37:27","slug":"movimiento-penagomista-advierte-a-jce-que-la-fuerza-que-lidera-leonel-fernandez-esta-disfrazando-su-campana-proselitista-en-la-protesta-social-convocada-para-el-30","status":"publish","type":"post","link":"https:\/\/elmundodelapolitica.com\/v1\/movimiento-penagomista-advierte-a-jce-que-la-fuerza-que-lidera-leonel-fernandez-esta-disfrazando-su-campana-proselitista-en-la-protesta-social-convocada-para-el-30\/","title":{"rendered":"Movimiento Pe\u00f1agomista advierte a JCE que la Fuerza que lidera Leonel Fern\u00e1ndez est\u00e1 disfrazando su campa\u00f1a proselitista en la protesta social convocada para el 30"},"content":{"rendered":"<p><img loading=\"lazy\" decoding=\"async\" class=\"attachment-post-thumbnail size-post-thumbnail wp-post-image\" style=\"float: left; margin: 0 15px 15px 0;\" src=\"https:\/\/elmundodelapolitica.com\/v1\/wp-content\/uploads\/2025\/11\/WhatsApp-Image-2025-11-24-at-102759.jpeg\" sizes=\"auto, (max-width: 1242px) 100vw, 1242px\" srcset=\"https:\/\/elmundodelapolitica.com\/v1\/wp-content\/uploads\/2025\/11\/WhatsApp-Image-2025-11-24-at-102759.jpeg 1242w, https:\/\/proceso.com.do\/wp-content\/uploads\/2025\/11\/WhatsApp-Image-2025-11-24-at-10.27.59-768x506.jpeg 768w, https:\/\/proceso.com.do\/wp-content\/uploads\/2025\/11\/WhatsApp-Image-2025-11-24-at-10.27.59-338x224.jpeg 338w\" alt=\"\" width=\"1242\" height=\"818\" \/><\/p>\n<p>Rep\u00fablica Dominicana.-Como un acto de provocaci\u00f3n y una alteraci\u00f3n injustificada a la tranquilidad del pueblo dominicano, calific\u00f3 el coordinador nacional del Movimiento Electoral Pe\u00f1agomista (MEP), Rafael (Fiquito) V\u00e1squez, el llamado de la Fuerza del Pueblo (FP) a realizar una marcha para reclamar supuestas demandas sociales.<\/p>\n<p>V\u00e1squez afirm\u00f3 que esa agrupaci\u00f3n pol\u00edtica opositora busca notoriedad mediante una actividad abiertamente ilegal, utilizando el disfraz de reclamos sociales para iniciar una campa\u00f1a electoral a destiempo, en franca violaci\u00f3n a la Ley 33-18 de Partidos Pol\u00edticos y la Ley 20-23 del R\u00e9gimen Electoral.<\/p>\n<p>Record\u00f3 que la Junta Central Electoral (JCE) se rige estrictamente por el calendario electoral y que el per\u00edodo de campa\u00f1a interna inicia el primer domingo de julio de 2027, por lo que cualquier actividad de naturaleza proselitista realizada antes de ese plazo constituye una infracci\u00f3n.<\/p>\n<p>En ese sentido, el dirigente pe\u00f1agomista hizo un llamado formal a la JCE para que tome cartas en el asunto.<\/p>\n<p>\u201cYa pas\u00f3 la \u00e9poca en que cada organizaci\u00f3n actuaba sin control. Hoy existe un sistema de seguridad jur\u00eddica y de respeto a las normativas, que deben cumplirse con rigurosidad. El \u00f3rgano encargado de garantizar el cumplimiento de la ley es la Junta Central Electoral, la cual jugara su rol\u201d, puntualiz\u00f3.<\/p>\n<p>Asimismo, advirti\u00f3 que el pa\u00eds no est\u00e1 dispuesto a tolerar subterfugios pol\u00edticos disfrazados de protestas sociales en contravenci\u00f3n de la Constituci\u00f3n y las leyes electorales.<\/p>\n<p>Se\u00f1al\u00f3 que el prop\u00f3sito real de la marcha es realizar proselitismo anticipado, buscando generar un impacto pol\u00edtico mediante reclamos reivindicativos dise\u00f1ados por Leonel Fern\u00e1ndez y su c\u00edrculo cercano.<\/p>\n<p>V\u00e1squez cuestion\u00f3 adem\u00e1s el uso de la figura de un exvicepresidente de la Rep\u00fablica, Rafael Alburquerque, para anunciar la convocatoria, ampar\u00e1ndose en la presunta existencia de una \u201csituaci\u00f3n cr\u00edtica\u201d.<\/p>\n<p>Calific\u00f3 estas declaraciones, a atribuidas a Alburquerque, como un espejismo destinado a confundir a la poblaci\u00f3n.<\/p>\n<p>\u201cEstas acciones irresponsables podr\u00edan afectar la estabilidad social y econ\u00f3mica de uno de los pa\u00edses m\u00e1s estables del continente y con el crecimiento m\u00e1s sostenido de la regi\u00f3n\u201d, afirm\u00f3.<\/p>\n<p>El MEP denunci\u00f3 que la estrategia de sembrar miedo en la poblaci\u00f3n, el comercio y el sector empresarial no prosperar\u00e1, ya que las fuerzas vivas del pa\u00eds apuestan por mantener la paz y la estabilidad de la naci\u00f3n.<\/p>\n<p>Abinader garantiza clima libertad, orden y progreso<\/p>\n<p>Durante la d\u00e9cimo novena reuni\u00f3n ordinaria del Movimiento Electoral Pe\u00f1agomista, celebrada con la participaci\u00f3n de delegaciones de diversas provincias, Rafael V\u00e1squez destac\u00f3 el empe\u00f1o del gobierno del presidente Luis Abinader en garantizar un clima de libertad, orden y progreso, ofreciendo soluciones reales a las necesidades nacionales sin recurrir al desorden, la confrontaci\u00f3n o la manipulaci\u00f3n pol\u00edtica.<\/p>\n<p>Calific\u00f3 la convocatoria opositora como una acci\u00f3n insensata, demag\u00f3gica y politiquera, cuyo \u00fanico prop\u00f3sito es obtener provecho electoral en violaci\u00f3n a la ley.<\/p>\n","protected":false},"excerpt":{"rendered":"<p>Rep\u00fablica Dominicana.-Como un acto de provocaci\u00f3n y una alteraci\u00f3n injustificada a la tranquilidad del pueblo dominicano, calific\u00f3 el coordinador nacional del Movimiento Electoral Pe\u00f1agomista (MEP), Rafael (Fiquito) V\u00e1squez, el llamado&hellip; <\/p>\n","protected":false},"author":1,"featured_media":7147,"comment_status":"closed","ping_status":"closed","sticky":false,"template":"","format":"standard","meta":{"fifu_image_url":"https:\/\/proceso.com.do\/wp-content\/uploads\/2025\/11\/WhatsApp-Image-2025-11-24-at-10.27.59-650x400.webp","fifu_image_alt":"","footnotes":""},"categories":[12],"tags":[],"class_list":["post-7080","post","type-post","status-publish","format-standard","has-post-thumbnail","hentry","category-agenda-politica"],"_links":{"self":[{"href":"https:\/\/elmundodelapolitica.com\/v1\/wp-json\/wp\/v2\/posts\/7080","targetHints":{"allow":["GET"]}}],"collection":[{"href":"https:\/\/elmundodelapolitica.com\/v1\/wp-json\/wp\/v2\/posts"}],"about":[{"href":"https:\/\/elmundodelapolitica.com\/v1\/wp-json\/wp\/v2\/types\/post"}],"author":[{"embeddable":true,"href":"https:\/\/elmundodelapolitica.com\/v1\/wp-json\/wp\/v2\/users\/1"}],"replies":[{"embeddable":true,"href":"https:\/\/elmundodelapolitica.com\/v1\/wp-json\/wp\/v2\/comments?post=7080"}],"version-history":[{"count":1,"href":"https:\/\/elmundodelapolitica.com\/v1\/wp-json\/wp\/v2\/posts\/7080\/revisions"}],"predecessor-version":[{"id":7146,"href":"https:\/\/elmundodelapolitica.com\/v1\/wp-json\/wp\/v2\/posts\/7080\/revisions\/7146"}],"wp:featuredmedia":[{"embeddable":true,"href":"https:\/\/elmundodelapolitica.com\/v1\/wp-json\/wp\/v2\/media\/7147"}],"wp:attachment":[{"href":"https:\/\/elmundodelapolitica.com\/v1\/wp-json\/wp\/v2\/media?parent=7080"}],"wp:term":[{"taxonomy":"category","embeddable":true,"href":"https:\/\/elmundodelapolitica.com\/v1\/wp-json\/wp\/v2\/categories?post=7080"},{"taxonomy":"post_tag","embeddable":true,"href":"https:\/\/elmundodelapolitica.com\/v1\/wp-json\/wp\/v2\/tags?post=7080"}],"curies":[{"name":"wp","href":"https:\/\/api.w.org\/{rel}","templated":true}]}}