{"id":7072,"date":"2025-12-01T12:39:23","date_gmt":"2025-12-01T16:39:23","guid":{"rendered":"https:\/\/elmundodelapolitica.com\/v1\/?p=7072"},"modified":"2025-12-01T12:39:25","modified_gmt":"2025-12-01T16:39:25","slug":"congresistas-de-rd-y-estados-unidos-expresan-preocupacion-por-situacion-en-haiti-y-piden-incluirla-en-agenda-legislativa","status":"publish","type":"post","link":"https:\/\/elmundodelapolitica.com\/v1\/congresistas-de-rd-y-estados-unidos-expresan-preocupacion-por-situacion-en-haiti-y-piden-incluirla-en-agenda-legislativa\/","title":{"rendered":"Congresistas de RD y Estados Unidos expresan preocupaci\u00f3n por situaci\u00f3n en Hait\u00ed y piden incluirla en agenda legislativa"},"content":{"rendered":"<div><img loading=\"lazy\" decoding=\"async\" class=\"attachment-post-thumbnail size-post-thumbnail wp-post-image\" style=\"float: left; margin: 0 15px 15px 0;\" src=\"https:\/\/elmundodelapolitica.com\/v1\/wp-content\/uploads\/2025\/11\/Congresistas-de-RD-y-EEUU-expresan-preocupacion.jpeg\" sizes=\"auto, (max-width: 1280px) 100vw, 1280px\" srcset=\"https:\/\/elmundodelapolitica.com\/v1\/wp-content\/uploads\/2025\/11\/Congresistas-de-RD-y-EEUU-expresan-preocupacion.jpeg 1280w, https:\/\/proceso.com.do\/wp-content\/uploads\/2025\/11\/Congresistas-de-RD-y-EE.\u202fUU.-expresan-preocupacion-768x511.jpeg 768w, https:\/\/proceso.com.do\/wp-content\/uploads\/2025\/11\/Congresistas-de-RD-y-EE.\u202fUU.-expresan-preocupacion-338x224.jpeg 338w\" alt=\"\" width=\"1280\" height=\"852\" \/>El presidente del Senado, Ricardo de los Santos, destac\u00f3 el compromiso del presidente Abinader con la situaci\u00f3n haitiana. Mast valor\u00f3 la cooperaci\u00f3n entre EE. UU. y RD en temas como el comercio y la lucha contra el narcotr\u00e1fico.<\/div>\n","protected":false},"excerpt":{"rendered":"<p>El presidente del Senado, Ricardo de los Santos, destac\u00f3 el compromiso del presidente Abinader con la situaci\u00f3n haitiana. Mast valor\u00f3 la cooperaci\u00f3n entre EE. UU. y RD en temas como&hellip; <\/p>\n","protected":false},"author":1,"featured_media":7153,"comment_status":"closed","ping_status":"closed","sticky":false,"template":"","format":"standard","meta":{"fifu_image_url":"https:\/\/proceso.com.do\/wp-content\/uploads\/2025\/11\/Congresistas-de-RD-y-EE.%E2%80%AFUU.-expresan-preocupacion-650x400.webp","fifu_image_alt":"","footnotes":""},"categories":[12],"tags":[],"class_list":["post-7072","post","type-post","status-publish","format-standard","has-post-thumbnail","hentry","category-agenda-politica"],"_links":{"self":[{"href":"https:\/\/elmundodelapolitica.com\/v1\/wp-json\/wp\/v2\/posts\/7072","targetHints":{"allow":["GET"]}}],"collection":[{"href":"https:\/\/elmundodelapolitica.com\/v1\/wp-json\/wp\/v2\/posts"}],"about":[{"href":"https:\/\/elmundodelapolitica.com\/v1\/wp-json\/wp\/v2\/types\/post"}],"author":[{"embeddable":true,"href":"https:\/\/elmundodelapolitica.com\/v1\/wp-json\/wp\/v2\/users\/1"}],"replies":[{"embeddable":true,"href":"https:\/\/elmundodelapolitica.com\/v1\/wp-json\/wp\/v2\/comments?post=7072"}],"version-history":[{"count":1,"href":"https:\/\/elmundodelapolitica.com\/v1\/wp-json\/wp\/v2\/posts\/7072\/revisions"}],"predecessor-version":[{"id":7152,"href":"https:\/\/elmundodelapolitica.com\/v1\/wp-json\/wp\/v2\/posts\/7072\/revisions\/7152"}],"wp:featuredmedia":[{"embeddable":true,"href":"https:\/\/elmundodelapolitica.com\/v1\/wp-json\/wp\/v2\/media\/7153"}],"wp:attachment":[{"href":"https:\/\/elmundodelapolitica.com\/v1\/wp-json\/wp\/v2\/media?parent=7072"}],"wp:term":[{"taxonomy":"category","embeddable":true,"href":"https:\/\/elmundodelapolitica.com\/v1\/wp-json\/wp\/v2\/categories?post=7072"},{"taxonomy":"post_tag","embeddable":true,"href":"https:\/\/elmundodelapolitica.com\/v1\/wp-json\/wp\/v2\/tags?post=7072"}],"curies":[{"name":"wp","href":"https:\/\/api.w.org\/{rel}","templated":true}]}}