{"id":7068,"date":"2025-12-01T12:40:44","date_gmt":"2025-12-01T16:40:44","guid":{"rendered":"https:\/\/elmundodelapolitica.com\/v1\/?p=7068"},"modified":"2025-12-01T12:40:45","modified_gmt":"2025-12-01T16:40:45","slug":"diputado-ramon-raposo-advierte-sobre-crisis-y-baja-inversion-en-salud-mental","status":"publish","type":"post","link":"https:\/\/elmundodelapolitica.com\/v1\/diputado-ramon-raposo-advierte-sobre-crisis-y-baja-inversion-en-salud-mental\/","title":{"rendered":"Diputado Ram\u00f3n Raposo advierte sobre crisis y baja inversi\u00f3n en salud mental"},"content":{"rendered":"<p><img loading=\"lazy\" decoding=\"async\" class=\"attachment-post-thumbnail size-post-thumbnail wp-post-image\" style=\"float: left; margin: 0 15px 15px 0;\" src=\"https:\/\/elmundodelapolitica.com\/v1\/wp-content\/uploads\/2025\/11\/DIPUTADO-RAMON-RAPOSO-EN-DIALOGO-URGENTE-1.jpg\" sizes=\"auto, (max-width: 1094px) 100vw, 1094px\" srcset=\"https:\/\/elmundodelapolitica.com\/v1\/wp-content\/uploads\/2025\/11\/DIPUTADO-RAMON-RAPOSO-EN-DIALOGO-URGENTE-1.jpg 1094w, https:\/\/proceso.com.do\/wp-content\/uploads\/2025\/07\/DIPUTADO-RAMON-RAPOSO-EN-DIALOGO-URGENTE-768x366.jpg 768w\" alt=\"\" width=\"1094\" height=\"522\" \/><\/p>\n<p><strong>Santo Domingo.\u2013<\/strong>\u00a0El diputado nacional Ram\u00f3n\u00a0<strong>Raposo<\/strong>\u00a0alert\u00f3 sobre la grave situaci\u00f3n que enfrenta la\u00a0<strong>salud mental<\/strong>\u00a0en el pa\u00eds y el\u00a0<strong>bajo presupuesto<\/strong>\u00a0asignado a un sector que calific\u00f3 como profundamente sensible y prioritario.<\/p>\n<p>El legislador del\u00a0<strong>Partido Revolucionario Dominicano<\/strong>\u00a0(PRD) explic\u00f3 que, de acuerdo con especialistas, al menos el 20 % de la poblaci\u00f3n presenta alg\u00fan tipo de padecimiento mental, y cerca de 300 mil personas sufren de esquizofrenia, de las cuales solo unas 150 mil estar\u00edan recibiendo tratamiento.<\/p>\n<p><strong>Raposo<\/strong>\u00a0analiz\u00f3 los desaf\u00edos que afectan a miles de familias dominicanas que dependen de\u00a0<strong>servicios especializados<\/strong>\u00a0de atenci\u00f3n psicol\u00f3gica y psiqui\u00e1trica, destacando la urgencia de reforzar los sistemas p\u00fablicos de acompa\u00f1amiento.<\/p>\n<p>Advirti\u00f3 que la\u00a0<strong>falta de recursos<\/strong>\u00a0destinados a este sector afecta directamente el funcionamiento de\u00a0<strong>centros p\u00fablicos<\/strong>\u00a0de atenci\u00f3n mental, limita los programas de prevenci\u00f3n, reduce el acceso a terapias especializadas y dificulta la contrataci\u00f3n de personal capacitado.<\/p>\n<p>Asimismo, se\u00f1al\u00f3 que la\u00a0<strong>problem\u00e1tica impacta<\/strong>\u00a0no solo a quienes padecen trastornos psicol\u00f3gicos, sino tambi\u00e9n a sus familias, comunidades y al clima social del pa\u00eds, generando repercusiones visibles en la\u00a0<strong>convivencia ciudadana<\/strong>, la violencia, la productividad y la estabilidad emocional de los j\u00f3venes.<\/p>\n<p>El diputado reiter\u00f3 la necesidad de que el Estado dominicano aumente el presupuesto destinado a\u00a0<strong>salud mental<\/strong>, fortalezca los\u00a0<strong>programas comunitarios<\/strong>\u00a0de asistencia y desarrolle\u00a0<strong>campa\u00f1as de prevenci\u00f3n<\/strong>\u00a0y concienciaci\u00f3n en todo el territorio nacional.<\/p>\n","protected":false},"excerpt":{"rendered":"<p>Santo Domingo.\u2013\u00a0El diputado nacional Ram\u00f3n\u00a0Raposo\u00a0alert\u00f3 sobre la grave situaci\u00f3n que enfrenta la\u00a0salud mental\u00a0en el pa\u00eds y el\u00a0bajo presupuesto\u00a0asignado a un sector que calific\u00f3 como profundamente sensible y prioritario. El legislador&hellip; <\/p>\n","protected":false},"author":1,"featured_media":7156,"comment_status":"closed","ping_status":"closed","sticky":false,"template":"","format":"standard","meta":{"fifu_image_url":"https:\/\/proceso.com.do\/wp-content\/uploads\/2025\/07\/DIPUTADO-RAMON-RAPOSO-EN-DIALOGO-URGENTE-650x400.webp","fifu_image_alt":"","footnotes":""},"categories":[55],"tags":[],"class_list":["post-7068","post","type-post","status-publish","format-standard","has-post-thumbnail","hentry","category-congreso-y-legislacion"],"_links":{"self":[{"href":"https:\/\/elmundodelapolitica.com\/v1\/wp-json\/wp\/v2\/posts\/7068","targetHints":{"allow":["GET"]}}],"collection":[{"href":"https:\/\/elmundodelapolitica.com\/v1\/wp-json\/wp\/v2\/posts"}],"about":[{"href":"https:\/\/elmundodelapolitica.com\/v1\/wp-json\/wp\/v2\/types\/post"}],"author":[{"embeddable":true,"href":"https:\/\/elmundodelapolitica.com\/v1\/wp-json\/wp\/v2\/users\/1"}],"replies":[{"embeddable":true,"href":"https:\/\/elmundodelapolitica.com\/v1\/wp-json\/wp\/v2\/comments?post=7068"}],"version-history":[{"count":1,"href":"https:\/\/elmundodelapolitica.com\/v1\/wp-json\/wp\/v2\/posts\/7068\/revisions"}],"predecessor-version":[{"id":7155,"href":"https:\/\/elmundodelapolitica.com\/v1\/wp-json\/wp\/v2\/posts\/7068\/revisions\/7155"}],"wp:featuredmedia":[{"embeddable":true,"href":"https:\/\/elmundodelapolitica.com\/v1\/wp-json\/wp\/v2\/media\/7156"}],"wp:attachment":[{"href":"https:\/\/elmundodelapolitica.com\/v1\/wp-json\/wp\/v2\/media?parent=7068"}],"wp:term":[{"taxonomy":"category","embeddable":true,"href":"https:\/\/elmundodelapolitica.com\/v1\/wp-json\/wp\/v2\/categories?post=7068"},{"taxonomy":"post_tag","embeddable":true,"href":"https:\/\/elmundodelapolitica.com\/v1\/wp-json\/wp\/v2\/tags?post=7068"}],"curies":[{"name":"wp","href":"https:\/\/api.w.org\/{rel}","templated":true}]}}