{"id":7066,"date":"2025-12-01T12:41:47","date_gmt":"2025-12-01T16:41:47","guid":{"rendered":"https:\/\/elmundodelapolitica.com\/v1\/?p=7066"},"modified":"2025-12-01T12:42:12","modified_gmt":"2025-12-01T16:42:12","slug":"francisco-javier-garcia-insta-al-gobierno-a-un-alto-para-analizar-su-gravosa-gestion-de-consecuencias-negativas-para-rd","status":"publish","type":"post","link":"https:\/\/elmundodelapolitica.com\/v1\/francisco-javier-garcia-insta-al-gobierno-a-un-alto-para-analizar-su-gravosa-gestion-de-consecuencias-negativas-para-rd\/","title":{"rendered":"Francisco Javier Garc\u00eda insta al gobierno a un alto para analizar su gravosa gesti\u00f3n de consecuencias negativas para RD"},"content":{"rendered":"<p><img loading=\"lazy\" decoding=\"async\" class=\"attachment-post-thumbnail size-post-thumbnail wp-post-image\" style=\"float: left; margin: 0 15px 15px 0;\" src=\"https:\/\/elmundodelapolitica.com\/v1\/wp-content\/uploads\/2025\/11\/FRANCISCOJAVIERFOTO.jpg\" sizes=\"auto, (max-width: 857px) 100vw, 857px\" srcset=\"https:\/\/elmundodelapolitica.com\/v1\/wp-content\/uploads\/2025\/11\/FRANCISCOJAVIERFOTO.jpg 857w, https:\/\/proceso.com.do\/wp-content\/uploads\/2024\/10\/FRANCISCOJAVIERFOTO-768x395.jpg 768w\" alt=\"\" width=\"857\" height=\"441\" \/><\/p>\n<p>Santo Domingo.-Francisco Javier Garc\u00eda, miembro del Comit\u00e9 Pol\u00edtico del Partido de la Liberaci\u00f3n Dominicana (PLD), inst\u00f3 al gobierno a detenerse a observar su gravosa gesti\u00f3n ante las consecuencias negativas que est\u00e1 generando al pa\u00eds.<\/p>\n<p>El aspirante presidencial pelede\u00edsta, para ilustrar el se\u00f1alamiento, puso de ejemplo las deficiencias en el funcionamiento que acusa el Metro, perjudicando a una gran cantidad de personas que habitan y se movilizan en el Gran Santo Domingo.<\/p>\n<p>Dijo que durante lo que va de este mes se han producido cuatro fallas el\u00e9ctricas en el Metro de Santo Domingo, \u201cimpactando y perjudicando a un sin n\u00famero de dominicanos en sus operaciones y actividades cotidianas\u201d.<\/p>\n<p>Precis\u00f3 que eso significa que las operaciones en el referido<\/p>\n<p>medio de transporte masivo se han visto interrumpidas en 21% de d\u00edas en una proporci\u00f3n del mes.<br \/>\n\u201cEl fallo en las operaciones del Metro no es en principio un simple fallo; esto tiene consecuencias en la movilidad y el tr\u00e1nsito de la poblaci\u00f3n, generando costos econ\u00f3micos a los usuarios, impacta la econom\u00eda local, y sobre todo crea desesperanza en la clase trabajadora que cada d\u00eda ve menos oportunidades de progreso y les desmotivan a luchar por mejor calidad de vida y mejor pa\u00eds\u201d, expres\u00f3.<\/p>\n<p>Garc\u00eda consider\u00f3 como gravosa esta situaci\u00f3n, tras se\u00f1alar que la secuencia en la que ha ocurrido evidencia el descuido, abandono y la falta de gesti\u00f3n en el mantenimiento de las operaciones.<\/p>\n<p>En el contexto anterior, el dirigente pelede\u00edsta dijo que por eso es tiempo de que la administraci\u00f3n del Partido Revolucionario Moderno (PRM) se detenga a observar las consecuencias de su omisi\u00f3n en la administraci\u00f3n de la cosa p\u00fablica.<\/p>\n","protected":false},"excerpt":{"rendered":"<p>Santo Domingo.-Francisco Javier Garc\u00eda, miembro del Comit\u00e9 Pol\u00edtico del Partido de la Liberaci\u00f3n Dominicana (PLD), inst\u00f3 al gobierno a detenerse a observar su gravosa gesti\u00f3n ante las consecuencias negativas que&hellip; <\/p>\n","protected":false},"author":1,"featured_media":7160,"comment_status":"closed","ping_status":"closed","sticky":false,"template":"","format":"standard","meta":{"fifu_image_url":"https:\/\/proceso.com.do\/wp-content\/uploads\/2024\/10\/FRANCISCOJAVIERFOTO-650x400.webp","fifu_image_alt":"","footnotes":""},"categories":[12],"tags":[],"class_list":["post-7066","post","type-post","status-publish","format-standard","has-post-thumbnail","hentry","category-agenda-politica"],"_links":{"self":[{"href":"https:\/\/elmundodelapolitica.com\/v1\/wp-json\/wp\/v2\/posts\/7066","targetHints":{"allow":["GET"]}}],"collection":[{"href":"https:\/\/elmundodelapolitica.com\/v1\/wp-json\/wp\/v2\/posts"}],"about":[{"href":"https:\/\/elmundodelapolitica.com\/v1\/wp-json\/wp\/v2\/types\/post"}],"author":[{"embeddable":true,"href":"https:\/\/elmundodelapolitica.com\/v1\/wp-json\/wp\/v2\/users\/1"}],"replies":[{"embeddable":true,"href":"https:\/\/elmundodelapolitica.com\/v1\/wp-json\/wp\/v2\/comments?post=7066"}],"version-history":[{"count":2,"href":"https:\/\/elmundodelapolitica.com\/v1\/wp-json\/wp\/v2\/posts\/7066\/revisions"}],"predecessor-version":[{"id":7161,"href":"https:\/\/elmundodelapolitica.com\/v1\/wp-json\/wp\/v2\/posts\/7066\/revisions\/7161"}],"wp:featuredmedia":[{"embeddable":true,"href":"https:\/\/elmundodelapolitica.com\/v1\/wp-json\/wp\/v2\/media\/7160"}],"wp:attachment":[{"href":"https:\/\/elmundodelapolitica.com\/v1\/wp-json\/wp\/v2\/media?parent=7066"}],"wp:term":[{"taxonomy":"category","embeddable":true,"href":"https:\/\/elmundodelapolitica.com\/v1\/wp-json\/wp\/v2\/categories?post=7066"},{"taxonomy":"post_tag","embeddable":true,"href":"https:\/\/elmundodelapolitica.com\/v1\/wp-json\/wp\/v2\/tags?post=7066"}],"curies":[{"name":"wp","href":"https:\/\/api.w.org\/{rel}","templated":true}]}}