{"id":7062,"date":"2025-12-01T12:43:28","date_gmt":"2025-12-01T16:43:28","guid":{"rendered":"https:\/\/elmundodelapolitica.com\/v1\/?p=7062"},"modified":"2025-12-01T12:43:29","modified_gmt":"2025-12-01T16:43:29","slug":"sigmund-freund-revela-prm-busca-rehacer-desde-cero-su-padron-y-llevarlo-a-algo-mas-sincerizado","status":"publish","type":"post","link":"https:\/\/elmundodelapolitica.com\/v1\/sigmund-freund-revela-prm-busca-rehacer-desde-cero-su-padron-y-llevarlo-a-algo-mas-sincerizado\/","title":{"rendered":"Sigmund Freund revela PRM busca \u201crehacer desde cero su padr\u00f3n y llevarlo a algo m\u00e1s sincerizado\u201d"},"content":{"rendered":"<p><img loading=\"lazy\" decoding=\"async\" class=\"attachment-post-thumbnail size-post-thumbnail wp-post-image\" style=\"float: left; margin: 0 15px 15px 0;\" src=\"https:\/\/elmundodelapolitica.com\/v1\/wp-content\/uploads\/2025\/11\/SIGMUND-FREUND-SOBRE-PRM.jpg\" sizes=\"auto, (max-width: 843px) 100vw, 843px\" srcset=\"https:\/\/elmundodelapolitica.com\/v1\/wp-content\/uploads\/2025\/11\/SIGMUND-FREUND-SOBRE-PRM.jpg 843w, https:\/\/proceso.com.do\/wp-content\/uploads\/2025\/11\/SIGMUND-FREUND-SOBRE-PRM-768x433.jpg 768w\" alt=\"\" width=\"843\" height=\"475\" \/><\/p>\n<p>SANTO DOMINGO.-El delegado del Partido Revolucionario Moderno<strong>\u00a0(PRM)<\/strong>\u00a0ante la Junta Central Electoral,<strong>\u00a0Sigmund Freund Mena<\/strong>, inform\u00f3 que esa organizaci\u00f3n pol\u00edtica trabaja en la\u00a0<strong>reconstrucci\u00f3n total de su padr\u00f3n de militantes.<\/strong><\/p>\n<p>Explic\u00f3 que la entidad ya est\u00e1 en<strong>\u00a0el proceso de revisi\u00f3n y reducci\u00f3n de su registr<\/strong>o, que actualmente supera los tres millones 92 mil miembros.<\/p>\n<p>Freund Mena se\u00f1al\u00f3 que es responsabilidad del<strong>\u00a0PRM<\/strong>\u00a0y de todas las organizaciones pol\u00edticas contar con padrones \u201cm\u00e1s realistas\u201d.<\/p>\n<p>Asegur\u00f3 que el partido busca \u201crehacer desde cero su padr\u00f3n y llevarlo a algo m\u00e1s sincerizado\u201d.<\/p>\n<p>Agreg\u00f3 que la meta es establecer mayores controles al momento de inscribir nuevos miembros para garantizar una base de datos m\u00e1s confiable y actualizada.<\/p>\n<p>Como parte de estos esfuerzos, el PRM puso en marcha en octubre el programa \u201cVerif\u00edcate\u201d, una plataforma tecnol\u00f3gica dise\u00f1ada para modernizar el padr\u00f3n, fortalecer la transparencia interna y facilitar la incorporaci\u00f3n de ciudadanos interesados en unirse al partido.<\/p>\n<p>Este proceso marca un paso importante en la transformaci\u00f3n institucional del PRM, en l\u00ednea con los avances tecnol\u00f3gicos y el compromiso con la apertura democr\u00e1tica.<\/p>\n","protected":false},"excerpt":{"rendered":"<p>SANTO DOMINGO.-El delegado del Partido Revolucionario Moderno\u00a0(PRM)\u00a0ante la Junta Central Electoral,\u00a0Sigmund Freund Mena, inform\u00f3 que esa organizaci\u00f3n pol\u00edtica trabaja en la\u00a0reconstrucci\u00f3n total de su padr\u00f3n de militantes. Explic\u00f3 que la&hellip; <\/p>\n","protected":false},"author":1,"featured_media":7163,"comment_status":"closed","ping_status":"closed","sticky":false,"template":"","format":"standard","meta":{"fifu_image_url":"https:\/\/proceso.com.do\/wp-content\/uploads\/2025\/11\/SIGMUND-FREUND-SOBRE-PRM.webp","fifu_image_alt":"","footnotes":""},"categories":[12],"tags":[],"class_list":["post-7062","post","type-post","status-publish","format-standard","has-post-thumbnail","hentry","category-agenda-politica"],"_links":{"self":[{"href":"https:\/\/elmundodelapolitica.com\/v1\/wp-json\/wp\/v2\/posts\/7062","targetHints":{"allow":["GET"]}}],"collection":[{"href":"https:\/\/elmundodelapolitica.com\/v1\/wp-json\/wp\/v2\/posts"}],"about":[{"href":"https:\/\/elmundodelapolitica.com\/v1\/wp-json\/wp\/v2\/types\/post"}],"author":[{"embeddable":true,"href":"https:\/\/elmundodelapolitica.com\/v1\/wp-json\/wp\/v2\/users\/1"}],"replies":[{"embeddable":true,"href":"https:\/\/elmundodelapolitica.com\/v1\/wp-json\/wp\/v2\/comments?post=7062"}],"version-history":[{"count":1,"href":"https:\/\/elmundodelapolitica.com\/v1\/wp-json\/wp\/v2\/posts\/7062\/revisions"}],"predecessor-version":[{"id":7162,"href":"https:\/\/elmundodelapolitica.com\/v1\/wp-json\/wp\/v2\/posts\/7062\/revisions\/7162"}],"wp:featuredmedia":[{"embeddable":true,"href":"https:\/\/elmundodelapolitica.com\/v1\/wp-json\/wp\/v2\/media\/7163"}],"wp:attachment":[{"href":"https:\/\/elmundodelapolitica.com\/v1\/wp-json\/wp\/v2\/media?parent=7062"}],"wp:term":[{"taxonomy":"category","embeddable":true,"href":"https:\/\/elmundodelapolitica.com\/v1\/wp-json\/wp\/v2\/categories?post=7062"},{"taxonomy":"post_tag","embeddable":true,"href":"https:\/\/elmundodelapolitica.com\/v1\/wp-json\/wp\/v2\/tags?post=7062"}],"curies":[{"name":"wp","href":"https:\/\/api.w.org\/{rel}","templated":true}]}}