{"id":7061,"date":"2025-11-20T03:05:03","date_gmt":"2025-11-20T07:05:03","guid":{"rendered":"https:\/\/elmundodelapolitica.com\/v1\/raquel-pena-rechaza-criticas-de-amnistia-internacional-sobre-salud-y-migracion-en-rd\/"},"modified":"2025-12-01T12:44:35","modified_gmt":"2025-12-01T16:44:35","slug":"raquel-pena-rechaza-criticas-de-amnistia-internacional-sobre-salud-y-migracion-en-rd","status":"publish","type":"post","link":"https:\/\/elmundodelapolitica.com\/v1\/raquel-pena-rechaza-criticas-de-amnistia-internacional-sobre-salud-y-migracion-en-rd\/","title":{"rendered":"Raquel Pe\u00f1a rechaza cr\u00edticas de Amnist\u00eda Internacional sobre salud y migraci\u00f3n en RD"},"content":{"rendered":"<div>Santo Domingo.- La vicepresidenta Raquel Pe\u00f1a rechaz\u00f3 las cr\u00edticas del informe de Amnist\u00eda Internacional, que cuestiona el argumento del Estado Dominicano sobre el impacto de la migraci\u00f3n haitiana en el<strong>Santo Domingo.-\u00a0<\/strong>La vicepresidenta\u00a0<strong>Raquel Pe\u00f1a<\/strong>\u00a0rechaz\u00f3 las cr\u00edticas del informe de\u00a0<strong>Amnist\u00eda Internacional<\/strong>, que cuestiona el argumento del\u00a0<strong>Estado Dominicano\u00a0<\/strong>sobre el impacto de la\u00a0<strong>migraci\u00f3n haitiana<\/strong>\u00a0en el sistema de\u00a0<strong>salud<\/strong>, y asegur\u00f3 que los servicios hospitalarios han mejorado \u201cconsiderablemente\u201d en todo el pa\u00eds.<\/p>\n<p>Pe\u00f1a afirm\u00f3 que la\u00a0<strong>prioridad\u00a0<\/strong>del\u00a0<strong>Gobierno\u00a0<\/strong>es\u00a0<strong>garantizar atenci\u00f3n digna para todos los dominicanos<\/strong>\u00a0y que pese a las presiones que enfrenta la red hospitalaria, el pa\u00eds registra avances significativos en infraestructura, cobertura y calidad de atenci\u00f3n. Agreg\u00f3 que los datos oficiales muestran mejoras continuas en los servicios y que el Gobierno mantiene su compromiso con el fortalecimiento del sistema de salud.<\/p>\n<p>El informe de Amnist\u00eda Internacional sostiene que la migraci\u00f3n haitiana\u00a0<strong>no ha colapsado<\/strong>\u00a0los hospitales dominicanos y q<strong>ue el discurso p\u00fablico sobre una supuesta presi\u00f3n excesiva \u201ccarece de sustento emp\u00edrico\u201d<\/strong>. Seg\u00fan el estudio, basado en cifras del SNS, las personas haitianas representaron el 7.9% de las consultas y el 14.8% de las hospitalizaciones en el primer trimestre de 2025.<\/p>\n<p>La organizaci\u00f3n tambi\u00e9n cuestiona el\u00a0<strong>\u201cprotocolo de repatriaci\u00f3n de parturientas\u201d<\/strong>, al indicar que la participaci\u00f3n de mujeres haitianas en los partos se ha mantenido relativamente estable entre 2023 y 2025, fluctuando entre 35% y 40%, sin evidencia de que el protocolo haya reducido esas cifras. Amnist\u00eda se\u00f1ala que las variaciones responden a patrones estacionales y no a medidas migratorias.<\/p>\n<p>En su informe, la entidad concluye que\u00a0<strong>el aumento en la proporci\u00f3n de partos de mujeres haitianas se debe a una disminuci\u00f3n m\u00e1s acelerada en los partos de mujeres dominicanas<\/strong>, por lo que este cambio no representa una presi\u00f3n adicional para la capacidad hospitalaria ni afecta la disponibilidad de servicios.<\/p>\n<p>Amnist\u00eda Internacional llam\u00f3 al pa\u00eds a\u00a0<strong>garantizar atenci\u00f3n m\u00e9dica universal y sin discriminaci\u00f3n<\/strong>, y pidi\u00f3 dejar sin efecto las medidas migratorias aplicadas en hospitales desde abril de 2025. La organizaci\u00f3n denunci\u00f3 que estas pol\u00edticas han institucionalizado un trato diferenciado hacia haitianos y dominicanos de ascendencia haitiana.<\/p>\n<p>El Gobierno, por su parte, sostiene que tiene el derecho y la obligaci\u00f3n de proteger sus servicios p\u00fablicos y su soberan\u00eda, mientras defiende la legitimidad de las medidas adoptadas en materia migratoria y sanitaria.<\/p>\n<\/div>\n","protected":false},"excerpt":{"rendered":"<p>Santo Domingo.- La vicepresidenta Raquel Pe\u00f1a rechaz\u00f3 las cr\u00edticas del informe de Amnist\u00eda Internacional, que cuestiona el argumento del Estado Dominicano sobre el impacto de la migraci\u00f3n haitiana en elSanto&hellip; <\/p>\n","protected":false},"author":1,"featured_media":7165,"comment_status":"closed","ping_status":"closed","sticky":false,"template":"","format":"standard","meta":{"fifu_image_url":"https:\/\/encrypted-tbn0.gstatic.com\/images?q=tbn:ANd9GcQ3zKwi17I5UH7kKDFBKruC3Z3fTkWHWe861g&s","fifu_image_alt":"","footnotes":""},"categories":[17],"tags":[],"class_list":["post-7061","post","type-post","status-publish","format-standard","has-post-thumbnail","hentry","category-politica"],"_links":{"self":[{"href":"https:\/\/elmundodelapolitica.com\/v1\/wp-json\/wp\/v2\/posts\/7061","targetHints":{"allow":["GET"]}}],"collection":[{"href":"https:\/\/elmundodelapolitica.com\/v1\/wp-json\/wp\/v2\/posts"}],"about":[{"href":"https:\/\/elmundodelapolitica.com\/v1\/wp-json\/wp\/v2\/types\/post"}],"author":[{"embeddable":true,"href":"https:\/\/elmundodelapolitica.com\/v1\/wp-json\/wp\/v2\/users\/1"}],"replies":[{"embeddable":true,"href":"https:\/\/elmundodelapolitica.com\/v1\/wp-json\/wp\/v2\/comments?post=7061"}],"version-history":[{"count":1,"href":"https:\/\/elmundodelapolitica.com\/v1\/wp-json\/wp\/v2\/posts\/7061\/revisions"}],"predecessor-version":[{"id":7164,"href":"https:\/\/elmundodelapolitica.com\/v1\/wp-json\/wp\/v2\/posts\/7061\/revisions\/7164"}],"wp:featuredmedia":[{"embeddable":true,"href":"https:\/\/elmundodelapolitica.com\/v1\/wp-json\/wp\/v2\/media\/7165"}],"wp:attachment":[{"href":"https:\/\/elmundodelapolitica.com\/v1\/wp-json\/wp\/v2\/media?parent=7061"}],"wp:term":[{"taxonomy":"category","embeddable":true,"href":"https:\/\/elmundodelapolitica.com\/v1\/wp-json\/wp\/v2\/categories?post=7061"},{"taxonomy":"post_tag","embeddable":true,"href":"https:\/\/elmundodelapolitica.com\/v1\/wp-json\/wp\/v2\/tags?post=7061"}],"curies":[{"name":"wp","href":"https:\/\/api.w.org\/{rel}","templated":true}]}}