{"id":7058,"date":"2025-11-19T03:01:35","date_gmt":"2025-11-19T07:01:35","guid":{"rendered":"https:\/\/elmundodelapolitica.com\/v1\/aspirantes-presidenciales-del-pld-y-medina-acuerdan-elegir-candidato-en-2026\/"},"modified":"2025-12-01T12:47:10","modified_gmt":"2025-12-01T16:47:10","slug":"aspirantes-presidenciales-del-pld-y-medina-acuerdan-elegir-candidato-en-2026","status":"publish","type":"post","link":"https:\/\/elmundodelapolitica.com\/v1\/aspirantes-presidenciales-del-pld-y-medina-acuerdan-elegir-candidato-en-2026\/","title":{"rendered":"Aspirantes presidenciales del PLD y Medina acuerdan elegir candidato en 2026"},"content":{"rendered":"<p>Los aspirantes presidenciales del Partido de la Liberaci\u00f3n Dominicana (PLD) sostuvieron una reuni\u00f3n con el expresidente Danilo Medina en la que acordaron hacer los esfuerzos necesarios para la escogencia de un candidato \u00fanico durante el \u00faltimo trimestre del a\u00f1o 2026.<\/p>\n<p>Los detalles de la reuni\u00f3n fueron ofrecidos a trav\u00e9s de un comunicado de prensa de la Secretar\u00eda de Comunicaciones del PLD, dirigida por el miembro del Comit\u00e9 Pol\u00edtico de esa organizaci\u00f3n, H\u00e9ctor Olivo.<\/p>\n<p>Se\u00f1ala que el PLD ha iniciado el proceso para delimitar los aspectos generales y el protocolo que regular\u00e1 el trabajo de los aspirantes presidenciales.<\/p>\n<p>\u00abEn la reuni\u00f3n hubo un clima de unidad, fraternidad y alto sentido de responsabilidad, los aspirantes presidenciales que, hasta este momento, se han estado movilizando en todo el territorio nacional promoviendo sus aspiraciones dentro y fuera de la estructura partidaria\u00bb, dijo.<\/p>\n<p>Se\u00f1al\u00f3 que, adem\u00e1s de Medina, estuvieron presentes junto a los aspirantes, el secretario general, Johnny Pujols; y los dem\u00e1s integrantes de la Comisi\u00f3n Encargada de Trabajar el Protocolo de Aspirantes Presidenciales: Andr\u00e9s Navarro, Rub\u00e9n Bichara, Margarita Pimentel y Robert De la Cruz.<\/p>\n<p>Destac\u00f3 que se consensu\u00f3 el Protocolo de Trabajo que regir\u00e1 la competencia interna, \u00abasegurando un proceso democr\u00e1tico, transparente y coherente con los valores boschistas del PLD, reforzando la disciplina partidaria y la convivencia fraterna que caracteriza a esta agrupaci\u00f3n pol\u00edtica\u00bb.<\/p>\n<p>Indic\u00f3 que, en la sesi\u00f3n, de dos horas y media, se acord\u00f3 convocar al Comit\u00e9 Central a principios del a\u00f1o 2026, previa reuni\u00f3n del Comit\u00e9 Pol\u00edtico, para validar los avances consensuados.<\/p>\n<p>\u00abLos aspirantes presidenciales Abel Mart\u00ednez, Charles Mariotti, Francisco Dom\u00ednguez Brito y Francisco Javier Garc\u00eda, junto a Danilo Medina y la Comisi\u00f3n, coincidieron en hacer los esfuerzos necesarios para seleccionar un aspirante presidencial \u00fanico en el \u00faltimo trimestre del pr\u00f3ximo a\u00f1o, pudiendo integrarse como aspirantes a este proceso otros compa\u00f1eros o compa\u00f1eras que as\u00ed lo decidan\u00bb, expres\u00f3.<\/p>\n<p>Se\u00f1al\u00f3 que el PLD reitera su compromiso con la unidad y con la defensa del pueblo dominicano, y asume esta etapa como un paso decisivo en la tarea de devolverle al pa\u00eds un gobierno serio, capaz y profundamente comprometido con la dignidad nacional.<\/p>\n","protected":false},"excerpt":{"rendered":"<p>Los aspirantes presidenciales del Partido de la Liberaci\u00f3n Dominicana (PLD) sostuvieron una reuni\u00f3n con el expresidente Danilo Medina en la que acordaron hacer los esfuerzos necesarios para la escogencia de&hellip; <\/p>\n","protected":false},"author":1,"featured_media":7169,"comment_status":"closed","ping_status":"closed","sticky":false,"template":"","format":"standard","meta":{"fifu_image_url":"https:\/\/i0.wp.com\/rnn.com.do\/wp-content\/uploads\/2025\/11\/pld.jpeg?resize=696%2C408&ssl=1","fifu_image_alt":"","footnotes":""},"categories":[17],"tags":[],"class_list":["post-7058","post","type-post","status-publish","format-standard","has-post-thumbnail","hentry","category-politica"],"_links":{"self":[{"href":"https:\/\/elmundodelapolitica.com\/v1\/wp-json\/wp\/v2\/posts\/7058","targetHints":{"allow":["GET"]}}],"collection":[{"href":"https:\/\/elmundodelapolitica.com\/v1\/wp-json\/wp\/v2\/posts"}],"about":[{"href":"https:\/\/elmundodelapolitica.com\/v1\/wp-json\/wp\/v2\/types\/post"}],"author":[{"embeddable":true,"href":"https:\/\/elmundodelapolitica.com\/v1\/wp-json\/wp\/v2\/users\/1"}],"replies":[{"embeddable":true,"href":"https:\/\/elmundodelapolitica.com\/v1\/wp-json\/wp\/v2\/comments?post=7058"}],"version-history":[{"count":1,"href":"https:\/\/elmundodelapolitica.com\/v1\/wp-json\/wp\/v2\/posts\/7058\/revisions"}],"predecessor-version":[{"id":7168,"href":"https:\/\/elmundodelapolitica.com\/v1\/wp-json\/wp\/v2\/posts\/7058\/revisions\/7168"}],"wp:featuredmedia":[{"embeddable":true,"href":"https:\/\/elmundodelapolitica.com\/v1\/wp-json\/wp\/v2\/media\/7169"}],"wp:attachment":[{"href":"https:\/\/elmundodelapolitica.com\/v1\/wp-json\/wp\/v2\/media?parent=7058"}],"wp:term":[{"taxonomy":"category","embeddable":true,"href":"https:\/\/elmundodelapolitica.com\/v1\/wp-json\/wp\/v2\/categories?post=7058"},{"taxonomy":"post_tag","embeddable":true,"href":"https:\/\/elmundodelapolitica.com\/v1\/wp-json\/wp\/v2\/tags?post=7058"}],"curies":[{"name":"wp","href":"https:\/\/api.w.org\/{rel}","templated":true}]}}