{"id":7048,"date":"2025-11-17T03:03:59","date_gmt":"2025-11-17T07:03:59","guid":{"rendered":"https:\/\/elmundodelapolitica.com\/v1\/indexacion-de-salarios-debio-incluirse-en-el-presupuesto-general-afirma-danilo-medina\/"},"modified":"2025-11-17T03:03:59","modified_gmt":"2025-11-17T07:03:59","slug":"indexacion-de-salarios-debio-incluirse-en-el-presupuesto-general-afirma-danilo-medina","status":"publish","type":"post","link":"https:\/\/elmundodelapolitica.com\/v1\/indexacion-de-salarios-debio-incluirse-en-el-presupuesto-general-afirma-danilo-medina\/","title":{"rendered":"Indexaci\u00f3n de salarios debi\u00f3 incluirse en el presupuesto general, afirma Danilo Medina"},"content":{"rendered":"<div>El expresidente de la Rep\u00fablica, Danilo Medina, asegur\u00f3 que la actualizaci\u00f3n salarial debi\u00f3 colocarse en el Presupuesto General de la Naci\u00f3n, al recordar que se trata de un derecho de los trabajadores consignado en el C\u00f3digo Tributario de 1992. \u201cYo mismo trabaj\u00e9 en eso; era diputado en ese momento. El PLD hizo posible que esas [\u2026]<\/div>\n","protected":false},"excerpt":{"rendered":"<p>El expresidente de la Rep\u00fablica, Danilo Medina, asegur\u00f3 que la actualizaci\u00f3n salarial debi\u00f3 colocarse en el Presupuesto General de la Naci\u00f3n, al recordar que se trata de un derecho de&hellip; <\/p>\n","protected":false},"author":1,"featured_media":0,"comment_status":"closed","ping_status":"closed","sticky":false,"template":"","format":"standard","meta":{"fifu_image_url":"","fifu_image_alt":"","footnotes":""},"categories":[17],"tags":[],"class_list":["post-7048","post","type-post","status-publish","format-standard","hentry","category-politica"],"_links":{"self":[{"href":"https:\/\/elmundodelapolitica.com\/v1\/wp-json\/wp\/v2\/posts\/7048","targetHints":{"allow":["GET"]}}],"collection":[{"href":"https:\/\/elmundodelapolitica.com\/v1\/wp-json\/wp\/v2\/posts"}],"about":[{"href":"https:\/\/elmundodelapolitica.com\/v1\/wp-json\/wp\/v2\/types\/post"}],"author":[{"embeddable":true,"href":"https:\/\/elmundodelapolitica.com\/v1\/wp-json\/wp\/v2\/users\/1"}],"replies":[{"embeddable":true,"href":"https:\/\/elmundodelapolitica.com\/v1\/wp-json\/wp\/v2\/comments?post=7048"}],"version-history":[{"count":0,"href":"https:\/\/elmundodelapolitica.com\/v1\/wp-json\/wp\/v2\/posts\/7048\/revisions"}],"wp:attachment":[{"href":"https:\/\/elmundodelapolitica.com\/v1\/wp-json\/wp\/v2\/media?parent=7048"}],"wp:term":[{"taxonomy":"category","embeddable":true,"href":"https:\/\/elmundodelapolitica.com\/v1\/wp-json\/wp\/v2\/categories?post=7048"},{"taxonomy":"post_tag","embeddable":true,"href":"https:\/\/elmundodelapolitica.com\/v1\/wp-json\/wp\/v2\/tags?post=7048"}],"curies":[{"name":"wp","href":"https:\/\/api.w.org\/{rel}","templated":true}]}}