{"id":7028,"date":"2025-11-13T03:04:20","date_gmt":"2025-11-13T07:04:20","guid":{"rendered":"https:\/\/elmundodelapolitica.com\/v1\/tribunal-electoral-desestima-demanda-de-partido-camino-nuevo-contra-la-jce\/"},"modified":"2025-11-13T03:04:20","modified_gmt":"2025-11-13T07:04:20","slug":"tribunal-electoral-desestima-demanda-de-partido-camino-nuevo-contra-la-jce","status":"publish","type":"post","link":"https:\/\/elmundodelapolitica.com\/v1\/tribunal-electoral-desestima-demanda-de-partido-camino-nuevo-contra-la-jce\/","title":{"rendered":"Tribunal Electoral desestima demanda de partido Camino Nuevo contra la JCE"},"content":{"rendered":"<div>Santo Domingo.- El Tribunal Superior Electoral (TSE) declar\u00f3 hoy inadmisible de oficio por falta de objeto una parte de las conclusiones contenidas en la acci\u00f3n de amparo incoada por el partido pol\u00edtico Camino Nuevo contra la Junta Central Electoral (JCE). El TSE declar\u00f3 inadmisibles los pedimentos contenidos en los ordinales Primero, Segundo y Quinto de [\u2026]<\/div>\n","protected":false},"excerpt":{"rendered":"<p>Santo Domingo.- El Tribunal Superior Electoral (TSE) declar\u00f3 hoy inadmisible de oficio por falta de objeto una parte de las conclusiones contenidas en la acci\u00f3n de amparo incoada por el&hellip; <\/p>\n","protected":false},"author":1,"featured_media":0,"comment_status":"closed","ping_status":"closed","sticky":false,"template":"","format":"standard","meta":{"fifu_image_url":"","fifu_image_alt":"","footnotes":""},"categories":[17],"tags":[],"class_list":["post-7028","post","type-post","status-publish","format-standard","hentry","category-politica"],"_links":{"self":[{"href":"https:\/\/elmundodelapolitica.com\/v1\/wp-json\/wp\/v2\/posts\/7028","targetHints":{"allow":["GET"]}}],"collection":[{"href":"https:\/\/elmundodelapolitica.com\/v1\/wp-json\/wp\/v2\/posts"}],"about":[{"href":"https:\/\/elmundodelapolitica.com\/v1\/wp-json\/wp\/v2\/types\/post"}],"author":[{"embeddable":true,"href":"https:\/\/elmundodelapolitica.com\/v1\/wp-json\/wp\/v2\/users\/1"}],"replies":[{"embeddable":true,"href":"https:\/\/elmundodelapolitica.com\/v1\/wp-json\/wp\/v2\/comments?post=7028"}],"version-history":[{"count":0,"href":"https:\/\/elmundodelapolitica.com\/v1\/wp-json\/wp\/v2\/posts\/7028\/revisions"}],"wp:attachment":[{"href":"https:\/\/elmundodelapolitica.com\/v1\/wp-json\/wp\/v2\/media?parent=7028"}],"wp:term":[{"taxonomy":"category","embeddable":true,"href":"https:\/\/elmundodelapolitica.com\/v1\/wp-json\/wp\/v2\/categories?post=7028"},{"taxonomy":"post_tag","embeddable":true,"href":"https:\/\/elmundodelapolitica.com\/v1\/wp-json\/wp\/v2\/tags?post=7028"}],"curies":[{"name":"wp","href":"https:\/\/api.w.org\/{rel}","templated":true}]}}