{"id":7017,"date":"2025-11-11T03:03:16","date_gmt":"2025-11-11T07:03:16","guid":{"rendered":"https:\/\/elmundodelapolitica.com\/v1\/raquel-pena-tenemos-que-erradicar-el-narcotrafico-en-republica-dominicana\/"},"modified":"2025-11-11T03:03:16","modified_gmt":"2025-11-11T07:03:16","slug":"raquel-pena-tenemos-que-erradicar-el-narcotrafico-en-republica-dominicana","status":"publish","type":"post","link":"https:\/\/elmundodelapolitica.com\/v1\/raquel-pena-tenemos-que-erradicar-el-narcotrafico-en-republica-dominicana\/","title":{"rendered":"Raquel Pe\u00f1a: \u201cTenemos que erradicar el narcotr\u00e1fico en Rep\u00fablica Dominicana\u201d"},"content":{"rendered":"<div>Santo Domingo.\u2013 La vicepresidenta de la Rep\u00fablica, Raquel Pe\u00f1a, defendi\u00f3 la firmeza del Gobierno en la lucha contra el narcotr\u00e1fico, tanto dentro como fuera del oficialismo, al asegurar que la actual gesti\u00f3n \u201cha demostrado que no hay impunidad\u201d frente a quienes incurren en delitos vinculados a las drogas. Pe\u00f1a destac\u00f3 que la administraci\u00f3n del presidente [\u2026]<\/div>\n","protected":false},"excerpt":{"rendered":"<p>Santo Domingo.\u2013 La vicepresidenta de la Rep\u00fablica, Raquel Pe\u00f1a, defendi\u00f3 la firmeza del Gobierno en la lucha contra el narcotr\u00e1fico, tanto dentro como fuera del oficialismo, al asegurar que la&hellip; <\/p>\n","protected":false},"author":1,"featured_media":0,"comment_status":"closed","ping_status":"closed","sticky":false,"template":"","format":"standard","meta":{"fifu_image_url":"","fifu_image_alt":"","footnotes":""},"categories":[17],"tags":[],"class_list":["post-7017","post","type-post","status-publish","format-standard","hentry","category-politica"],"_links":{"self":[{"href":"https:\/\/elmundodelapolitica.com\/v1\/wp-json\/wp\/v2\/posts\/7017","targetHints":{"allow":["GET"]}}],"collection":[{"href":"https:\/\/elmundodelapolitica.com\/v1\/wp-json\/wp\/v2\/posts"}],"about":[{"href":"https:\/\/elmundodelapolitica.com\/v1\/wp-json\/wp\/v2\/types\/post"}],"author":[{"embeddable":true,"href":"https:\/\/elmundodelapolitica.com\/v1\/wp-json\/wp\/v2\/users\/1"}],"replies":[{"embeddable":true,"href":"https:\/\/elmundodelapolitica.com\/v1\/wp-json\/wp\/v2\/comments?post=7017"}],"version-history":[{"count":0,"href":"https:\/\/elmundodelapolitica.com\/v1\/wp-json\/wp\/v2\/posts\/7017\/revisions"}],"wp:attachment":[{"href":"https:\/\/elmundodelapolitica.com\/v1\/wp-json\/wp\/v2\/media?parent=7017"}],"wp:term":[{"taxonomy":"category","embeddable":true,"href":"https:\/\/elmundodelapolitica.com\/v1\/wp-json\/wp\/v2\/categories?post=7017"},{"taxonomy":"post_tag","embeddable":true,"href":"https:\/\/elmundodelapolitica.com\/v1\/wp-json\/wp\/v2\/tags?post=7017"}],"curies":[{"name":"wp","href":"https:\/\/api.w.org\/{rel}","templated":true}]}}