{"id":7016,"date":"2025-11-11T03:03:16","date_gmt":"2025-11-11T07:03:16","guid":{"rendered":"https:\/\/elmundodelapolitica.com\/v1\/sociologo-rechaza-voto-militar-su-rol-debe-mantenerse-separado-de-la-politica\/"},"modified":"2025-11-11T03:03:16","modified_gmt":"2025-11-11T07:03:16","slug":"sociologo-rechaza-voto-militar-su-rol-debe-mantenerse-separado-de-la-politica","status":"publish","type":"post","link":"https:\/\/elmundodelapolitica.com\/v1\/sociologo-rechaza-voto-militar-su-rol-debe-mantenerse-separado-de-la-politica\/","title":{"rendered":"Soci\u00f3logo rechaza voto militar: \u00absu rol debe mantenerse separado de la pol\u00edtica\u00bb"},"content":{"rendered":"<div>Santo Domingo.\u2013 El soci\u00f3logo C\u00e1ndido Mercedes advirti\u00f3 que permitir el voto de los militares en la Rep\u00fablica Dominicana requerir\u00eda una reforma constitucional y podr\u00eda poner en riesgo el equilibrio democr\u00e1tico del pa\u00eds, al otorgar poder deliberativo a quienes forman parte de los cuerpos coercitivos del Estado. Durante su intervenci\u00f3n en el programa Esferas de Poder, [\u2026]<\/div>\n","protected":false},"excerpt":{"rendered":"<p>Santo Domingo.\u2013 El soci\u00f3logo C\u00e1ndido Mercedes advirti\u00f3 que permitir el voto de los militares en la Rep\u00fablica Dominicana requerir\u00eda una reforma constitucional y podr\u00eda poner en riesgo el equilibrio democr\u00e1tico&hellip; <\/p>\n","protected":false},"author":1,"featured_media":0,"comment_status":"closed","ping_status":"closed","sticky":false,"template":"","format":"standard","meta":{"fifu_image_url":"","fifu_image_alt":"","footnotes":""},"categories":[17],"tags":[],"class_list":["post-7016","post","type-post","status-publish","format-standard","hentry","category-politica"],"_links":{"self":[{"href":"https:\/\/elmundodelapolitica.com\/v1\/wp-json\/wp\/v2\/posts\/7016","targetHints":{"allow":["GET"]}}],"collection":[{"href":"https:\/\/elmundodelapolitica.com\/v1\/wp-json\/wp\/v2\/posts"}],"about":[{"href":"https:\/\/elmundodelapolitica.com\/v1\/wp-json\/wp\/v2\/types\/post"}],"author":[{"embeddable":true,"href":"https:\/\/elmundodelapolitica.com\/v1\/wp-json\/wp\/v2\/users\/1"}],"replies":[{"embeddable":true,"href":"https:\/\/elmundodelapolitica.com\/v1\/wp-json\/wp\/v2\/comments?post=7016"}],"version-history":[{"count":0,"href":"https:\/\/elmundodelapolitica.com\/v1\/wp-json\/wp\/v2\/posts\/7016\/revisions"}],"wp:attachment":[{"href":"https:\/\/elmundodelapolitica.com\/v1\/wp-json\/wp\/v2\/media?parent=7016"}],"wp:term":[{"taxonomy":"category","embeddable":true,"href":"https:\/\/elmundodelapolitica.com\/v1\/wp-json\/wp\/v2\/categories?post=7016"},{"taxonomy":"post_tag","embeddable":true,"href":"https:\/\/elmundodelapolitica.com\/v1\/wp-json\/wp\/v2\/tags?post=7016"}],"curies":[{"name":"wp","href":"https:\/\/api.w.org\/{rel}","templated":true}]}}