{"id":7009,"date":"2025-11-08T03:08:14","date_gmt":"2025-11-08T07:08:14","guid":{"rendered":"https:\/\/elmundodelapolitica.com\/v1\/diputada-de-la-romana-aclara-que-esta-separada-de-ethian-vasquez-acusado-de-narcotrafico-por-ee-uu\/"},"modified":"2025-11-08T03:08:14","modified_gmt":"2025-11-08T07:08:14","slug":"diputada-de-la-romana-aclara-que-esta-separada-de-ethian-vasquez-acusado-de-narcotrafico-por-ee-uu","status":"publish","type":"post","link":"https:\/\/elmundodelapolitica.com\/v1\/diputada-de-la-romana-aclara-que-esta-separada-de-ethian-vasquez-acusado-de-narcotrafico-por-ee-uu\/","title":{"rendered":"Diputada de La Romana aclara que est\u00e1 separada de Ethian V\u00e1squez, acusado de narcotr\u00e1fico por EE.UU."},"content":{"rendered":"<div>La diputada por La Romana Jacqueline Fern\u00e1ndez emiti\u00f3 este viernes un comunicado en el que aclar\u00f3 que no mantiene v\u00ednculos personales ni responsabilidades compartidas con Ethian V\u00e1squez, quien fue detenido recientemente y enfrenta acusaciones de narcotr\u00e1fico por parte de autoridades de Estados Unidos. La legisladora Fern\u00e1ndez aclara responsablemente que,\u201cDesde hace un tiempo nos encontramos separados [\u2026]<\/div>\n","protected":false},"excerpt":{"rendered":"<p>La diputada por La Romana Jacqueline Fern\u00e1ndez emiti\u00f3 este viernes un comunicado en el que aclar\u00f3 que no mantiene v\u00ednculos personales ni responsabilidades compartidas con Ethian V\u00e1squez, quien fue detenido&hellip; <\/p>\n","protected":false},"author":1,"featured_media":0,"comment_status":"closed","ping_status":"closed","sticky":false,"template":"","format":"standard","meta":{"fifu_image_url":"","fifu_image_alt":"","footnotes":""},"categories":[17],"tags":[],"class_list":["post-7009","post","type-post","status-publish","format-standard","hentry","category-politica"],"_links":{"self":[{"href":"https:\/\/elmundodelapolitica.com\/v1\/wp-json\/wp\/v2\/posts\/7009","targetHints":{"allow":["GET"]}}],"collection":[{"href":"https:\/\/elmundodelapolitica.com\/v1\/wp-json\/wp\/v2\/posts"}],"about":[{"href":"https:\/\/elmundodelapolitica.com\/v1\/wp-json\/wp\/v2\/types\/post"}],"author":[{"embeddable":true,"href":"https:\/\/elmundodelapolitica.com\/v1\/wp-json\/wp\/v2\/users\/1"}],"replies":[{"embeddable":true,"href":"https:\/\/elmundodelapolitica.com\/v1\/wp-json\/wp\/v2\/comments?post=7009"}],"version-history":[{"count":0,"href":"https:\/\/elmundodelapolitica.com\/v1\/wp-json\/wp\/v2\/posts\/7009\/revisions"}],"wp:attachment":[{"href":"https:\/\/elmundodelapolitica.com\/v1\/wp-json\/wp\/v2\/media?parent=7009"}],"wp:term":[{"taxonomy":"category","embeddable":true,"href":"https:\/\/elmundodelapolitica.com\/v1\/wp-json\/wp\/v2\/categories?post=7009"},{"taxonomy":"post_tag","embeddable":true,"href":"https:\/\/elmundodelapolitica.com\/v1\/wp-json\/wp\/v2\/tags?post=7009"}],"curies":[{"name":"wp","href":"https:\/\/api.w.org\/{rel}","templated":true}]}}