{"id":7008,"date":"2025-11-08T03:08:14","date_gmt":"2025-11-08T07:08:14","guid":{"rendered":"https:\/\/elmundodelapolitica.com\/v1\/arrestan-esposo-de-la-diputada-jacqueline-fernandez-solicitado-por-eeuu-que-lo-acusa-de-narcotrafico\/"},"modified":"2025-11-08T03:08:14","modified_gmt":"2025-11-08T07:08:14","slug":"arrestan-esposo-de-la-diputada-jacqueline-fernandez-solicitado-por-eeuu-que-lo-acusa-de-narcotrafico","status":"publish","type":"post","link":"https:\/\/elmundodelapolitica.com\/v1\/arrestan-esposo-de-la-diputada-jacqueline-fernandez-solicitado-por-eeuu-que-lo-acusa-de-narcotrafico\/","title":{"rendered":"Arrestan esposo de la diputada Jacqueline Fern\u00e1ndez, solicitado por EEUU que lo acusa de narcotr\u00e1fico"},"content":{"rendered":"<div>Santo Domingo\u2013 Las autoridades dominicanas apresaron este viernes al esposo de la diputada del Partido Revolucionario Moderno (PRM) en La Romana,Jacqueline Fern\u00e1ndez, con fines de extradici\u00f3n, tras ser acusado de tener presuntos v\u00ednculos con una red de narcotr\u00e1fico internacional. Ethian V\u00e1squez, es se\u00f1alado por las autoridades estadounidenses como parte de una estructura dedicada al tr\u00e1fico [\u2026]<\/div>\n","protected":false},"excerpt":{"rendered":"<p>Santo Domingo\u2013 Las autoridades dominicanas apresaron este viernes al esposo de la diputada del Partido Revolucionario Moderno (PRM) en La Romana,Jacqueline Fern\u00e1ndez, con fines de extradici\u00f3n, tras ser acusado de&hellip; <\/p>\n","protected":false},"author":1,"featured_media":0,"comment_status":"closed","ping_status":"closed","sticky":false,"template":"","format":"standard","meta":{"fifu_image_url":"","fifu_image_alt":"","footnotes":""},"categories":[17],"tags":[],"class_list":["post-7008","post","type-post","status-publish","format-standard","hentry","category-politica"],"_links":{"self":[{"href":"https:\/\/elmundodelapolitica.com\/v1\/wp-json\/wp\/v2\/posts\/7008","targetHints":{"allow":["GET"]}}],"collection":[{"href":"https:\/\/elmundodelapolitica.com\/v1\/wp-json\/wp\/v2\/posts"}],"about":[{"href":"https:\/\/elmundodelapolitica.com\/v1\/wp-json\/wp\/v2\/types\/post"}],"author":[{"embeddable":true,"href":"https:\/\/elmundodelapolitica.com\/v1\/wp-json\/wp\/v2\/users\/1"}],"replies":[{"embeddable":true,"href":"https:\/\/elmundodelapolitica.com\/v1\/wp-json\/wp\/v2\/comments?post=7008"}],"version-history":[{"count":0,"href":"https:\/\/elmundodelapolitica.com\/v1\/wp-json\/wp\/v2\/posts\/7008\/revisions"}],"wp:attachment":[{"href":"https:\/\/elmundodelapolitica.com\/v1\/wp-json\/wp\/v2\/media?parent=7008"}],"wp:term":[{"taxonomy":"category","embeddable":true,"href":"https:\/\/elmundodelapolitica.com\/v1\/wp-json\/wp\/v2\/categories?post=7008"},{"taxonomy":"post_tag","embeddable":true,"href":"https:\/\/elmundodelapolitica.com\/v1\/wp-json\/wp\/v2\/tags?post=7008"}],"curies":[{"name":"wp","href":"https:\/\/api.w.org\/{rel}","templated":true}]}}