{"id":7007,"date":"2025-11-08T03:08:13","date_gmt":"2025-11-08T07:08:13","guid":{"rendered":"https:\/\/elmundodelapolitica.com\/v1\/fnp-critica-debate-superficial-entre-prm-y-fuerza-del-pueblo-por-la-indexacion-salarial\/"},"modified":"2025-11-08T03:08:13","modified_gmt":"2025-11-08T07:08:13","slug":"fnp-critica-debate-superficial-entre-prm-y-fuerza-del-pueblo-por-la-indexacion-salarial","status":"publish","type":"post","link":"https:\/\/elmundodelapolitica.com\/v1\/fnp-critica-debate-superficial-entre-prm-y-fuerza-del-pueblo-por-la-indexacion-salarial\/","title":{"rendered":"FNP critica debate \u201csuperficial\u201d entre PRM y Fuerza del Pueblo por la indexaci\u00f3n salarial"},"content":{"rendered":"<div>Santo Domingo.\u2013 La Fuerza Nacional Progresista (FNP) critic\u00f3 el debate entre dirigentes del PRM y la Fuerza del Pueblo sobre la indexaci\u00f3n salarial, calific\u00e1ndolo como un intercambio \u201csuperficial y enga\u00f1oso\u201d que, seg\u00fan su presidente en funciones Pelegr\u00edn Castillo, refleja la falta de compromiso pol\u00edtico con un tema que impacta directamente el bolsillo de los trabajadores. [\u2026]<\/div>\n","protected":false},"excerpt":{"rendered":"<p>Santo Domingo.\u2013 La Fuerza Nacional Progresista (FNP) critic\u00f3 el debate entre dirigentes del PRM y la Fuerza del Pueblo sobre la indexaci\u00f3n salarial, calific\u00e1ndolo como un intercambio \u201csuperficial y enga\u00f1oso\u201d&hellip; <\/p>\n","protected":false},"author":1,"featured_media":0,"comment_status":"closed","ping_status":"closed","sticky":false,"template":"","format":"standard","meta":{"fifu_image_url":"","fifu_image_alt":"","footnotes":""},"categories":[17],"tags":[],"class_list":["post-7007","post","type-post","status-publish","format-standard","hentry","category-politica"],"_links":{"self":[{"href":"https:\/\/elmundodelapolitica.com\/v1\/wp-json\/wp\/v2\/posts\/7007","targetHints":{"allow":["GET"]}}],"collection":[{"href":"https:\/\/elmundodelapolitica.com\/v1\/wp-json\/wp\/v2\/posts"}],"about":[{"href":"https:\/\/elmundodelapolitica.com\/v1\/wp-json\/wp\/v2\/types\/post"}],"author":[{"embeddable":true,"href":"https:\/\/elmundodelapolitica.com\/v1\/wp-json\/wp\/v2\/users\/1"}],"replies":[{"embeddable":true,"href":"https:\/\/elmundodelapolitica.com\/v1\/wp-json\/wp\/v2\/comments?post=7007"}],"version-history":[{"count":0,"href":"https:\/\/elmundodelapolitica.com\/v1\/wp-json\/wp\/v2\/posts\/7007\/revisions"}],"wp:attachment":[{"href":"https:\/\/elmundodelapolitica.com\/v1\/wp-json\/wp\/v2\/media?parent=7007"}],"wp:term":[{"taxonomy":"category","embeddable":true,"href":"https:\/\/elmundodelapolitica.com\/v1\/wp-json\/wp\/v2\/categories?post=7007"},{"taxonomy":"post_tag","embeddable":true,"href":"https:\/\/elmundodelapolitica.com\/v1\/wp-json\/wp\/v2\/tags?post=7007"}],"curies":[{"name":"wp","href":"https:\/\/api.w.org\/{rel}","templated":true}]}}