{"id":7002,"date":"2025-11-07T03:03:08","date_gmt":"2025-11-07T07:03:08","guid":{"rendered":"https:\/\/elmundodelapolitica.com\/v1\/paliza-informa-fue-suspendido-del-prm-el-regidor-edickson-herrera-procesado-por-narcotrafico-en-eeuu\/"},"modified":"2025-11-07T03:03:08","modified_gmt":"2025-11-07T07:03:08","slug":"paliza-informa-fue-suspendido-del-prm-el-regidor-edickson-herrera-procesado-por-narcotrafico-en-eeuu","status":"publish","type":"post","link":"https:\/\/elmundodelapolitica.com\/v1\/paliza-informa-fue-suspendido-del-prm-el-regidor-edickson-herrera-procesado-por-narcotrafico-en-eeuu\/","title":{"rendered":"Paliza informa fue suspendido del PRM el regidor Edickson Herrera, procesado por narcotr\u00e1fico en EEUU"},"content":{"rendered":"<div>Santo Domingo\u2013 El presidente del Partido Revolucionario Moderno (PRM), Jos\u00e9 Ignacio Paliza, inform\u00f3 este jueves que fue suspendido de manera inmediata el regidor Edickson Herrera, quien enfrenta un proceso judicial en Estados Unidos por presunto v\u00ednculo con el narcotr\u00e1fico. Paliza explic\u00f3 que la decisi\u00f3n fue adoptada en cumplimiento de los estatutos del partido, que establecen [\u2026]<\/div>\n","protected":false},"excerpt":{"rendered":"<p>Santo Domingo\u2013 El presidente del Partido Revolucionario Moderno (PRM), Jos\u00e9 Ignacio Paliza, inform\u00f3 este jueves que fue suspendido de manera inmediata el regidor Edickson Herrera, quien enfrenta un proceso judicial&hellip; <\/p>\n","protected":false},"author":1,"featured_media":0,"comment_status":"closed","ping_status":"closed","sticky":false,"template":"","format":"standard","meta":{"fifu_image_url":"","fifu_image_alt":"","footnotes":""},"categories":[17],"tags":[],"class_list":["post-7002","post","type-post","status-publish","format-standard","hentry","category-politica"],"_links":{"self":[{"href":"https:\/\/elmundodelapolitica.com\/v1\/wp-json\/wp\/v2\/posts\/7002","targetHints":{"allow":["GET"]}}],"collection":[{"href":"https:\/\/elmundodelapolitica.com\/v1\/wp-json\/wp\/v2\/posts"}],"about":[{"href":"https:\/\/elmundodelapolitica.com\/v1\/wp-json\/wp\/v2\/types\/post"}],"author":[{"embeddable":true,"href":"https:\/\/elmundodelapolitica.com\/v1\/wp-json\/wp\/v2\/users\/1"}],"replies":[{"embeddable":true,"href":"https:\/\/elmundodelapolitica.com\/v1\/wp-json\/wp\/v2\/comments?post=7002"}],"version-history":[{"count":0,"href":"https:\/\/elmundodelapolitica.com\/v1\/wp-json\/wp\/v2\/posts\/7002\/revisions"}],"wp:attachment":[{"href":"https:\/\/elmundodelapolitica.com\/v1\/wp-json\/wp\/v2\/media?parent=7002"}],"wp:term":[{"taxonomy":"category","embeddable":true,"href":"https:\/\/elmundodelapolitica.com\/v1\/wp-json\/wp\/v2\/categories?post=7002"},{"taxonomy":"post_tag","embeddable":true,"href":"https:\/\/elmundodelapolitica.com\/v1\/wp-json\/wp\/v2\/tags?post=7002"}],"curies":[{"name":"wp","href":"https:\/\/api.w.org\/{rel}","templated":true}]}}