{"id":7001,"date":"2025-11-07T03:03:07","date_gmt":"2025-11-07T07:03:07","guid":{"rendered":"https:\/\/elmundodelapolitica.com\/v1\/soto-jimenez-y-candelier-son-incluidos-en-organismo-de-direccion-de-la-fuerza-del-pueblo\/"},"modified":"2025-11-07T03:03:07","modified_gmt":"2025-11-07T07:03:07","slug":"soto-jimenez-y-candelier-son-incluidos-en-organismo-de-direccion-de-la-fuerza-del-pueblo","status":"publish","type":"post","link":"https:\/\/elmundodelapolitica.com\/v1\/soto-jimenez-y-candelier-son-incluidos-en-organismo-de-direccion-de-la-fuerza-del-pueblo\/","title":{"rendered":"Soto Jim\u00e9nez y Candelier son incluidos en organismo de direcci\u00f3n de la Fuerza del Pueblo"},"content":{"rendered":"<div>Santo Domingo (EFE).- El partido Fuerza del Pueblo (FP) anunci\u00f3 su decisi\u00f3n de incluir en su direcci\u00f3n pol\u00edtica a nueve nuevos integrantes, entre los que se encuentran el ex secretario de las Fuerzas Armadas, Jos\u00e9 Miguel Soto Jim\u00e9nez, y el exjefe de la Polic\u00eda Nacional, Pedro de Jes\u00fas Candelier. Un comunicado de la organizaci\u00f3n indica [\u2026]<\/div>\n","protected":false},"excerpt":{"rendered":"<p>Santo Domingo (EFE).- El partido Fuerza del Pueblo (FP) anunci\u00f3 su decisi\u00f3n de incluir en su direcci\u00f3n pol\u00edtica a nueve nuevos integrantes, entre los que se encuentran el ex secretario&hellip; <\/p>\n","protected":false},"author":1,"featured_media":0,"comment_status":"closed","ping_status":"closed","sticky":false,"template":"","format":"standard","meta":{"fifu_image_url":"","fifu_image_alt":"","footnotes":""},"categories":[17],"tags":[],"class_list":["post-7001","post","type-post","status-publish","format-standard","hentry","category-politica"],"_links":{"self":[{"href":"https:\/\/elmundodelapolitica.com\/v1\/wp-json\/wp\/v2\/posts\/7001","targetHints":{"allow":["GET"]}}],"collection":[{"href":"https:\/\/elmundodelapolitica.com\/v1\/wp-json\/wp\/v2\/posts"}],"about":[{"href":"https:\/\/elmundodelapolitica.com\/v1\/wp-json\/wp\/v2\/types\/post"}],"author":[{"embeddable":true,"href":"https:\/\/elmundodelapolitica.com\/v1\/wp-json\/wp\/v2\/users\/1"}],"replies":[{"embeddable":true,"href":"https:\/\/elmundodelapolitica.com\/v1\/wp-json\/wp\/v2\/comments?post=7001"}],"version-history":[{"count":0,"href":"https:\/\/elmundodelapolitica.com\/v1\/wp-json\/wp\/v2\/posts\/7001\/revisions"}],"wp:attachment":[{"href":"https:\/\/elmundodelapolitica.com\/v1\/wp-json\/wp\/v2\/media?parent=7001"}],"wp:term":[{"taxonomy":"category","embeddable":true,"href":"https:\/\/elmundodelapolitica.com\/v1\/wp-json\/wp\/v2\/categories?post=7001"},{"taxonomy":"post_tag","embeddable":true,"href":"https:\/\/elmundodelapolitica.com\/v1\/wp-json\/wp\/v2\/tags?post=7001"}],"curies":[{"name":"wp","href":"https:\/\/api.w.org\/{rel}","templated":true}]}}