{"id":6996,"date":"2025-11-06T03:03:17","date_gmt":"2025-11-06T07:03:17","guid":{"rendered":"https:\/\/elmundodelapolitica.com\/v1\/el-mensaje-de-alfredo-pacheco-tras-vencer-el-cancer-hay-que-revisarse\/"},"modified":"2025-11-06T03:03:17","modified_gmt":"2025-11-06T07:03:17","slug":"el-mensaje-de-alfredo-pacheco-tras-vencer-el-cancer-hay-que-revisarse","status":"publish","type":"post","link":"https:\/\/elmundodelapolitica.com\/v1\/el-mensaje-de-alfredo-pacheco-tras-vencer-el-cancer-hay-que-revisarse\/","title":{"rendered":"El mensaje de Alfredo Pacheco tras vencer el c\u00e1ncer: \u201cHay que revisarse\u201d"},"content":{"rendered":"<div>El presidente de la C\u00e1mara de Diputados, Alfredo Pacheco, quien en el d\u00eda de ayer anunci\u00f3 que logr\u00f3 vencer el c\u00e1ncer de pr\u00f3stata luego de finalizar su tratamiento de radioterapia, envi\u00f3 un mensaje de concienciaci\u00f3n sobre la salud preventiva, exhortando a los hombres mayores de 40 a\u00f1os a realizarse chequeos de pr\u00f3stata y a las [\u2026]<\/div>\n","protected":false},"excerpt":{"rendered":"<p>El presidente de la C\u00e1mara de Diputados, Alfredo Pacheco, quien en el d\u00eda de ayer anunci\u00f3 que logr\u00f3 vencer el c\u00e1ncer de pr\u00f3stata luego de finalizar su tratamiento de radioterapia,&hellip; <\/p>\n","protected":false},"author":1,"featured_media":0,"comment_status":"closed","ping_status":"closed","sticky":false,"template":"","format":"standard","meta":{"fifu_image_url":"","fifu_image_alt":"","footnotes":""},"categories":[17],"tags":[],"class_list":["post-6996","post","type-post","status-publish","format-standard","hentry","category-politica"],"_links":{"self":[{"href":"https:\/\/elmundodelapolitica.com\/v1\/wp-json\/wp\/v2\/posts\/6996","targetHints":{"allow":["GET"]}}],"collection":[{"href":"https:\/\/elmundodelapolitica.com\/v1\/wp-json\/wp\/v2\/posts"}],"about":[{"href":"https:\/\/elmundodelapolitica.com\/v1\/wp-json\/wp\/v2\/types\/post"}],"author":[{"embeddable":true,"href":"https:\/\/elmundodelapolitica.com\/v1\/wp-json\/wp\/v2\/users\/1"}],"replies":[{"embeddable":true,"href":"https:\/\/elmundodelapolitica.com\/v1\/wp-json\/wp\/v2\/comments?post=6996"}],"version-history":[{"count":0,"href":"https:\/\/elmundodelapolitica.com\/v1\/wp-json\/wp\/v2\/posts\/6996\/revisions"}],"wp:attachment":[{"href":"https:\/\/elmundodelapolitica.com\/v1\/wp-json\/wp\/v2\/media?parent=6996"}],"wp:term":[{"taxonomy":"category","embeddable":true,"href":"https:\/\/elmundodelapolitica.com\/v1\/wp-json\/wp\/v2\/categories?post=6996"},{"taxonomy":"post_tag","embeddable":true,"href":"https:\/\/elmundodelapolitica.com\/v1\/wp-json\/wp\/v2\/tags?post=6996"}],"curies":[{"name":"wp","href":"https:\/\/api.w.org\/{rel}","templated":true}]}}