{"id":6971,"date":"2025-11-02T03:03:25","date_gmt":"2025-11-02T07:03:25","guid":{"rendered":"https:\/\/elmundodelapolitica.com\/v1\/pld-tilda-de-precipitada-la-declaratoria-de-emergencia-tras-tormenta-melissa\/"},"modified":"2025-11-02T03:03:25","modified_gmt":"2025-11-02T07:03:25","slug":"pld-tilda-de-precipitada-la-declaratoria-de-emergencia-tras-tormenta-melissa","status":"publish","type":"post","link":"https:\/\/elmundodelapolitica.com\/v1\/pld-tilda-de-precipitada-la-declaratoria-de-emergencia-tras-tormenta-melissa\/","title":{"rendered":"PLD tilda de \u201cprecipitada\u201d la declaratoria de emergencia tras tormenta Melissa"},"content":{"rendered":"<div>Santo Domingo, RD. \u2013 Dirigentes del Partido de la Liberaci\u00f3n Dominicana (PLD) calificaron como \u201cprecipitada\u201d y \u201cexcesiva\u201d la declaratoria de emergencia emitida por el presidente Luis Abinader tras los efectos de la tormenta tropical Melissa en 14 provincias del pa\u00eds. Los miembros del Comit\u00e9 Pol\u00edtico Melanio Paredes, Francisco Javier Garc\u00eda y Radham\u00e9s Camacho coincidieron en [\u2026]<\/div>\n","protected":false},"excerpt":{"rendered":"<p>Santo Domingo, RD. \u2013 Dirigentes del Partido de la Liberaci\u00f3n Dominicana (PLD) calificaron como \u201cprecipitada\u201d y \u201cexcesiva\u201d la declaratoria de emergencia emitida por el presidente Luis Abinader tras los efectos&hellip; <\/p>\n","protected":false},"author":1,"featured_media":0,"comment_status":"closed","ping_status":"closed","sticky":false,"template":"","format":"standard","meta":{"fifu_image_url":"","fifu_image_alt":"","footnotes":""},"categories":[17],"tags":[],"class_list":["post-6971","post","type-post","status-publish","format-standard","hentry","category-politica"],"_links":{"self":[{"href":"https:\/\/elmundodelapolitica.com\/v1\/wp-json\/wp\/v2\/posts\/6971","targetHints":{"allow":["GET"]}}],"collection":[{"href":"https:\/\/elmundodelapolitica.com\/v1\/wp-json\/wp\/v2\/posts"}],"about":[{"href":"https:\/\/elmundodelapolitica.com\/v1\/wp-json\/wp\/v2\/types\/post"}],"author":[{"embeddable":true,"href":"https:\/\/elmundodelapolitica.com\/v1\/wp-json\/wp\/v2\/users\/1"}],"replies":[{"embeddable":true,"href":"https:\/\/elmundodelapolitica.com\/v1\/wp-json\/wp\/v2\/comments?post=6971"}],"version-history":[{"count":0,"href":"https:\/\/elmundodelapolitica.com\/v1\/wp-json\/wp\/v2\/posts\/6971\/revisions"}],"wp:attachment":[{"href":"https:\/\/elmundodelapolitica.com\/v1\/wp-json\/wp\/v2\/media?parent=6971"}],"wp:term":[{"taxonomy":"category","embeddable":true,"href":"https:\/\/elmundodelapolitica.com\/v1\/wp-json\/wp\/v2\/categories?post=6971"},{"taxonomy":"post_tag","embeddable":true,"href":"https:\/\/elmundodelapolitica.com\/v1\/wp-json\/wp\/v2\/tags?post=6971"}],"curies":[{"name":"wp","href":"https:\/\/api.w.org\/{rel}","templated":true}]}}