{"id":6962,"date":"2025-11-01T03:02:59","date_gmt":"2025-11-01T07:02:59","guid":{"rendered":"https:\/\/elmundodelapolitica.com\/v1\/el-apartidismo-de-los-dominicanos-se-ha-duplicado-en-los-ultimos-doce-meses\/"},"modified":"2025-11-01T03:02:59","modified_gmt":"2025-11-01T07:02:59","slug":"el-apartidismo-de-los-dominicanos-se-ha-duplicado-en-los-ultimos-doce-meses","status":"publish","type":"post","link":"https:\/\/elmundodelapolitica.com\/v1\/el-apartidismo-de-los-dominicanos-se-ha-duplicado-en-los-ultimos-doce-meses\/","title":{"rendered":"El apartidismo de los dominicanos se ha duplicado en los \u00faltimos doce meses"},"content":{"rendered":"<div>Santo Domingo.- La proporci\u00f3n de dominicanos en edad de votar que declara que no simpatiza con ninguno de los partidos pol\u00edticos dominicanos se ha disparado en los \u00faltimos doce meses. De acuerdo con los resultados de la encuesta ACD Media, en octubre del a\u00f1o 2024 el 21.1% de los electores dominicanos no simpatizaba con ninguna [\u2026]<\/div>\n","protected":false},"excerpt":{"rendered":"<p>Santo Domingo.- La proporci\u00f3n de dominicanos en edad de votar que declara que no simpatiza con ninguno de los partidos pol\u00edticos dominicanos se ha disparado en los \u00faltimos doce meses.&hellip; <\/p>\n","protected":false},"author":1,"featured_media":0,"comment_status":"closed","ping_status":"closed","sticky":false,"template":"","format":"standard","meta":{"fifu_image_url":"","fifu_image_alt":"","footnotes":""},"categories":[17],"tags":[],"class_list":["post-6962","post","type-post","status-publish","format-standard","hentry","category-politica"],"_links":{"self":[{"href":"https:\/\/elmundodelapolitica.com\/v1\/wp-json\/wp\/v2\/posts\/6962","targetHints":{"allow":["GET"]}}],"collection":[{"href":"https:\/\/elmundodelapolitica.com\/v1\/wp-json\/wp\/v2\/posts"}],"about":[{"href":"https:\/\/elmundodelapolitica.com\/v1\/wp-json\/wp\/v2\/types\/post"}],"author":[{"embeddable":true,"href":"https:\/\/elmundodelapolitica.com\/v1\/wp-json\/wp\/v2\/users\/1"}],"replies":[{"embeddable":true,"href":"https:\/\/elmundodelapolitica.com\/v1\/wp-json\/wp\/v2\/comments?post=6962"}],"version-history":[{"count":0,"href":"https:\/\/elmundodelapolitica.com\/v1\/wp-json\/wp\/v2\/posts\/6962\/revisions"}],"wp:attachment":[{"href":"https:\/\/elmundodelapolitica.com\/v1\/wp-json\/wp\/v2\/media?parent=6962"}],"wp:term":[{"taxonomy":"category","embeddable":true,"href":"https:\/\/elmundodelapolitica.com\/v1\/wp-json\/wp\/v2\/categories?post=6962"},{"taxonomy":"post_tag","embeddable":true,"href":"https:\/\/elmundodelapolitica.com\/v1\/wp-json\/wp\/v2\/tags?post=6962"}],"curies":[{"name":"wp","href":"https:\/\/api.w.org\/{rel}","templated":true}]}}