{"id":6952,"date":"2025-10-30T03:03:01","date_gmt":"2025-10-30T07:03:01","guid":{"rendered":"https:\/\/elmundodelapolitica.com\/v1\/camacho-afirma-rd-ya-estaba-en-emergencia-antes-del-paso-de-la-tormenta-melissa\/"},"modified":"2025-10-30T03:03:01","modified_gmt":"2025-10-30T07:03:01","slug":"camacho-afirma-rd-ya-estaba-en-emergencia-antes-del-paso-de-la-tormenta-melissa","status":"publish","type":"post","link":"https:\/\/elmundodelapolitica.com\/v1\/camacho-afirma-rd-ya-estaba-en-emergencia-antes-del-paso-de-la-tormenta-melissa\/","title":{"rendered":"Camacho afirma RD ya estaba en emergencia antes del paso de la tormenta Melissa"},"content":{"rendered":"<div>El miembro del Comit\u00e9 Pol\u00edtico del Partido de la Liberaci\u00f3n Dominicana (PLD) Radham\u00e9s Camacho advirti\u00f3 que Rep\u00fablica Dominicana ya se encuentra en una situaci\u00f3n de emergencia permanente, incluso antes del paso de cualquier fen\u00f3meno atmosf\u00e9rico. Camacho dijo que reaccion\u00f3 con escepticismo ante la posible declaratoria de situaci\u00f3n de emergencia por parte del gobierno luego del [\u2026]<\/div>\n","protected":false},"excerpt":{"rendered":"<p>El miembro del Comit\u00e9 Pol\u00edtico del Partido de la Liberaci\u00f3n Dominicana (PLD) Radham\u00e9s Camacho advirti\u00f3 que Rep\u00fablica Dominicana ya se encuentra en una situaci\u00f3n de emergencia permanente, incluso antes del&hellip; <\/p>\n","protected":false},"author":1,"featured_media":0,"comment_status":"closed","ping_status":"closed","sticky":false,"template":"","format":"standard","meta":{"fifu_image_url":"","fifu_image_alt":"","footnotes":""},"categories":[17],"tags":[],"class_list":["post-6952","post","type-post","status-publish","format-standard","hentry","category-politica"],"_links":{"self":[{"href":"https:\/\/elmundodelapolitica.com\/v1\/wp-json\/wp\/v2\/posts\/6952","targetHints":{"allow":["GET"]}}],"collection":[{"href":"https:\/\/elmundodelapolitica.com\/v1\/wp-json\/wp\/v2\/posts"}],"about":[{"href":"https:\/\/elmundodelapolitica.com\/v1\/wp-json\/wp\/v2\/types\/post"}],"author":[{"embeddable":true,"href":"https:\/\/elmundodelapolitica.com\/v1\/wp-json\/wp\/v2\/users\/1"}],"replies":[{"embeddable":true,"href":"https:\/\/elmundodelapolitica.com\/v1\/wp-json\/wp\/v2\/comments?post=6952"}],"version-history":[{"count":0,"href":"https:\/\/elmundodelapolitica.com\/v1\/wp-json\/wp\/v2\/posts\/6952\/revisions"}],"wp:attachment":[{"href":"https:\/\/elmundodelapolitica.com\/v1\/wp-json\/wp\/v2\/media?parent=6952"}],"wp:term":[{"taxonomy":"category","embeddable":true,"href":"https:\/\/elmundodelapolitica.com\/v1\/wp-json\/wp\/v2\/categories?post=6952"},{"taxonomy":"post_tag","embeddable":true,"href":"https:\/\/elmundodelapolitica.com\/v1\/wp-json\/wp\/v2\/tags?post=6952"}],"curies":[{"name":"wp","href":"https:\/\/api.w.org\/{rel}","templated":true}]}}