{"id":6951,"date":"2025-10-30T03:03:01","date_gmt":"2025-10-30T07:03:01","guid":{"rendered":"https:\/\/elmundodelapolitica.com\/v1\/jce-se-opone-radicalmente-a-uso-de-documento-diferente-a-la-cedula-para-ejercer-el-voto\/"},"modified":"2025-10-30T03:03:01","modified_gmt":"2025-10-30T07:03:01","slug":"jce-se-opone-radicalmente-a-uso-de-documento-diferente-a-la-cedula-para-ejercer-el-voto","status":"publish","type":"post","link":"https:\/\/elmundodelapolitica.com\/v1\/jce-se-opone-radicalmente-a-uso-de-documento-diferente-a-la-cedula-para-ejercer-el-voto\/","title":{"rendered":"JCE se opone radicalmente a uso de documento diferente a la c\u00e9dula para ejercer el voto"},"content":{"rendered":"<div>Nueva York. El presidente de la Junta Central Electoral (JCE), Rom\u00e1n Andr\u00e9s J\u00e1quez Liranzo, que el Pleno de esa instituci\u00f3n \u201cse opone radicalmente\u201d al uso de otro documento que no sea la c\u00e9dula de identidad y electoral para ejercer el derecho al voto. J\u00e1quez Liranzo manifest\u00f3 que la c\u00e9dula de identidad y electoral es el [\u2026]<\/div>\n","protected":false},"excerpt":{"rendered":"<p>Nueva York. El presidente de la Junta Central Electoral (JCE), Rom\u00e1n Andr\u00e9s J\u00e1quez Liranzo, que el Pleno de esa instituci\u00f3n \u201cse opone radicalmente\u201d al uso de otro documento que no&hellip; <\/p>\n","protected":false},"author":1,"featured_media":0,"comment_status":"closed","ping_status":"closed","sticky":false,"template":"","format":"standard","meta":{"fifu_image_url":"","fifu_image_alt":"","footnotes":""},"categories":[17],"tags":[],"class_list":["post-6951","post","type-post","status-publish","format-standard","hentry","category-politica"],"_links":{"self":[{"href":"https:\/\/elmundodelapolitica.com\/v1\/wp-json\/wp\/v2\/posts\/6951","targetHints":{"allow":["GET"]}}],"collection":[{"href":"https:\/\/elmundodelapolitica.com\/v1\/wp-json\/wp\/v2\/posts"}],"about":[{"href":"https:\/\/elmundodelapolitica.com\/v1\/wp-json\/wp\/v2\/types\/post"}],"author":[{"embeddable":true,"href":"https:\/\/elmundodelapolitica.com\/v1\/wp-json\/wp\/v2\/users\/1"}],"replies":[{"embeddable":true,"href":"https:\/\/elmundodelapolitica.com\/v1\/wp-json\/wp\/v2\/comments?post=6951"}],"version-history":[{"count":0,"href":"https:\/\/elmundodelapolitica.com\/v1\/wp-json\/wp\/v2\/posts\/6951\/revisions"}],"wp:attachment":[{"href":"https:\/\/elmundodelapolitica.com\/v1\/wp-json\/wp\/v2\/media?parent=6951"}],"wp:term":[{"taxonomy":"category","embeddable":true,"href":"https:\/\/elmundodelapolitica.com\/v1\/wp-json\/wp\/v2\/categories?post=6951"},{"taxonomy":"post_tag","embeddable":true,"href":"https:\/\/elmundodelapolitica.com\/v1\/wp-json\/wp\/v2\/tags?post=6951"}],"curies":[{"name":"wp","href":"https:\/\/api.w.org\/{rel}","templated":true}]}}