{"id":6929,"date":"2025-10-22T03:03:20","date_gmt":"2025-10-22T07:03:20","guid":{"rendered":"https:\/\/elmundodelapolitica.com\/v1\/?p=6929"},"modified":"2025-10-22T03:03:20","modified_gmt":"2025-10-22T07:03:20","slug":"fuerza-del-pueblo-juramentara-su-nueva-direccion-politica-este-domingo-segun-henry-meran","status":"publish","type":"post","link":"https:\/\/elmundodelapolitica.com\/v1\/fuerza-del-pueblo-juramentara-su-nueva-direccion-politica-este-domingo-segun-henry-meran\/","title":{"rendered":"Fuerza del Pueblo juramentar\u00e1 su nueva Direcci\u00f3n Pol\u00edtica este domingo, seg\u00fan Henry Mer\u00e1n"},"content":{"rendered":"<div>Santo Domingo, R.D. \u2013 El presidente de la Comisi\u00f3n Nacional Electoral (CNE) de la Fuerza del Pueblo (FP), Henry Mer\u00e1n, inform\u00f3 que la organizaci\u00f3n pol\u00edtica realizar\u00e1 este domingo 26 de octubre la juramentaci\u00f3n de su nueva Direcci\u00f3n Pol\u00edtica. Mer\u00e1n explic\u00f3 que la actividad se celebrar\u00e1 a las 11 de la ma\u00f1ana, en un acto convocado [\u2026]<\/div>\n","protected":false},"excerpt":{"rendered":"<p>Santo Domingo, R.D. \u2013 El presidente de la Comisi\u00f3n Nacional Electoral (CNE) de la Fuerza del Pueblo (FP), Henry Mer\u00e1n, inform\u00f3 que la organizaci\u00f3n pol\u00edtica realizar\u00e1 este domingo 26 de&hellip; <\/p>\n","protected":false},"author":1,"featured_media":0,"comment_status":"closed","ping_status":"closed","sticky":false,"template":"","format":"standard","meta":{"fifu_image_url":"","fifu_image_alt":"","footnotes":""},"categories":[17],"tags":[],"class_list":["post-6929","post","type-post","status-publish","format-standard","hentry","category-politica"],"_links":{"self":[{"href":"https:\/\/elmundodelapolitica.com\/v1\/wp-json\/wp\/v2\/posts\/6929","targetHints":{"allow":["GET"]}}],"collection":[{"href":"https:\/\/elmundodelapolitica.com\/v1\/wp-json\/wp\/v2\/posts"}],"about":[{"href":"https:\/\/elmundodelapolitica.com\/v1\/wp-json\/wp\/v2\/types\/post"}],"author":[{"embeddable":true,"href":"https:\/\/elmundodelapolitica.com\/v1\/wp-json\/wp\/v2\/users\/1"}],"replies":[{"embeddable":true,"href":"https:\/\/elmundodelapolitica.com\/v1\/wp-json\/wp\/v2\/comments?post=6929"}],"version-history":[{"count":0,"href":"https:\/\/elmundodelapolitica.com\/v1\/wp-json\/wp\/v2\/posts\/6929\/revisions"}],"wp:attachment":[{"href":"https:\/\/elmundodelapolitica.com\/v1\/wp-json\/wp\/v2\/media?parent=6929"}],"wp:term":[{"taxonomy":"category","embeddable":true,"href":"https:\/\/elmundodelapolitica.com\/v1\/wp-json\/wp\/v2\/categories?post=6929"},{"taxonomy":"post_tag","embeddable":true,"href":"https:\/\/elmundodelapolitica.com\/v1\/wp-json\/wp\/v2\/tags?post=6929"}],"curies":[{"name":"wp","href":"https:\/\/api.w.org\/{rel}","templated":true}]}}