{"id":6900,"date":"2025-10-17T03:00:47","date_gmt":"2025-10-17T07:00:47","guid":{"rendered":"https:\/\/elmundodelapolitica.com\/v1\/?p=6900"},"modified":"2025-10-17T03:00:47","modified_gmt":"2025-10-17T07:00:47","slug":"propuesta-para-regular-mezquitas-y-la-sharia-desata-debate-legal-en-el-congreso","status":"publish","type":"post","link":"https:\/\/elmundodelapolitica.com\/v1\/propuesta-para-regular-mezquitas-y-la-sharia-desata-debate-legal-en-el-congreso\/","title":{"rendered":"Propuesta para regular mezquitas y la Sharia desata debate legal en el Congreso"},"content":{"rendered":"<div>Santo Domingo.- Un proyecto de ley que busca prohibir la Sharia extremista en el pa\u00eds ha encendido un debate legal sobre la libertad religiosa y de reuni\u00f3n. La iniciativa plantea la creaci\u00f3n de un Consejo Nacional para prevenir el extremismo y autoriza al DNI a intervenir en actos religiosos vinculados a pr\u00e1cticas que atenten contra [\u2026]<\/div>\n","protected":false},"excerpt":{"rendered":"<p>Santo Domingo.- Un proyecto de ley que busca prohibir la Sharia extremista en el pa\u00eds ha encendido un debate legal sobre la libertad religiosa y de reuni\u00f3n. La iniciativa plantea&hellip; <\/p>\n","protected":false},"author":1,"featured_media":0,"comment_status":"closed","ping_status":"closed","sticky":false,"template":"","format":"standard","meta":{"fifu_image_url":"","fifu_image_alt":"","footnotes":""},"categories":[17],"tags":[],"class_list":["post-6900","post","type-post","status-publish","format-standard","hentry","category-politica"],"_links":{"self":[{"href":"https:\/\/elmundodelapolitica.com\/v1\/wp-json\/wp\/v2\/posts\/6900","targetHints":{"allow":["GET"]}}],"collection":[{"href":"https:\/\/elmundodelapolitica.com\/v1\/wp-json\/wp\/v2\/posts"}],"about":[{"href":"https:\/\/elmundodelapolitica.com\/v1\/wp-json\/wp\/v2\/types\/post"}],"author":[{"embeddable":true,"href":"https:\/\/elmundodelapolitica.com\/v1\/wp-json\/wp\/v2\/users\/1"}],"replies":[{"embeddable":true,"href":"https:\/\/elmundodelapolitica.com\/v1\/wp-json\/wp\/v2\/comments?post=6900"}],"version-history":[{"count":0,"href":"https:\/\/elmundodelapolitica.com\/v1\/wp-json\/wp\/v2\/posts\/6900\/revisions"}],"wp:attachment":[{"href":"https:\/\/elmundodelapolitica.com\/v1\/wp-json\/wp\/v2\/media?parent=6900"}],"wp:term":[{"taxonomy":"category","embeddable":true,"href":"https:\/\/elmundodelapolitica.com\/v1\/wp-json\/wp\/v2\/categories?post=6900"},{"taxonomy":"post_tag","embeddable":true,"href":"https:\/\/elmundodelapolitica.com\/v1\/wp-json\/wp\/v2\/tags?post=6900"}],"curies":[{"name":"wp","href":"https:\/\/api.w.org\/{rel}","templated":true}]}}