{"id":689,"date":"2022-10-03T08:21:06","date_gmt":"2022-10-03T12:21:06","guid":{"rendered":"https:\/\/elmundodelapolitica.com\/v1\/?p=689"},"modified":"2022-10-03T08:21:08","modified_gmt":"2022-10-03T12:21:08","slug":"prd-2da-version-de-marcha-patriotica-es-un-llamado-de-atencion-a-clase-gobernante-que-debe-ser-escuchado","status":"publish","type":"post","link":"https:\/\/elmundodelapolitica.com\/v1\/prd-2da-version-de-marcha-patriotica-es-un-llamado-de-atencion-a-clase-gobernante-que-debe-ser-escuchado\/","title":{"rendered":"PRD: 2da versi\u00f3n de Marcha Patri\u00f3tica es un llamado de atenci\u00f3n a clase gobernante que debe ser escuchado"},"content":{"rendered":"\n<p>Multitud que portaba la bandera nacional reivindica la demanda de proteger la dominicanidad, seriamente amenazada, y reitera el fin de la tolerancia a la inmigraci\u00f3n masiva e indocumentada.<br>Santo Domingo.- El Partido Revolucionario Dominicano (PRD) advierte a las autoridades y a toda la clase gobernante del pa\u00eds sobre la necesidad de prestar atenci\u00f3n a las demandas del Instituto Duartiano, entidad que este s\u00e1bado celebr\u00f3 en Santiago la segunda versi\u00f3n de la manifestaci\u00f3n que el pueblo ha llamado Marcha Patri\u00f3tica.<\/p>\n\n\n\n<p>Para el PRD, esta exitosa actividad donde la multitud participante port\u00f3 la bandera nacional reivindica la demanda de proteger la dominicanidad, seriamente amenazada, y reitera el fin de la tolerancia a la inmigraci\u00f3n masiva e indocumentada.<\/p>\n\n\n\n<p>Advertimos que es hora de asumir acciones y disponer medidas que eviten trastornos en el mediano plazo, como los vividos recientemente en Ciudad Juan Bosch, en La Romana, en \u201cEl Hoyo de Friusa\u201d en B\u00e1varo o, m\u00e1s recientemente, en Dajab\u00f3n.<\/p>\n\n\n\n<p>Nos parece oportuno destacar los planteamientos que, en tal sentido, ha expuesto con anterioridad nuestro presidente, el ingeniero Miguel Vargas Maldonado, y que se resumen en tres aspectos puntuales:<br>Reafirmar que el gobierno debe sacar de la agenda la confrontaci\u00f3n, por cuanto debemos mantener el di\u00e1logo diplom\u00e1tico; que la comunidad internacional es fundamental para la soluci\u00f3n haitiana, poniendo en alto relieve que la Rep\u00fablica Dominicana no es la soluci\u00f3n a la calamitosa situaci\u00f3n del vecino pa\u00eds, y que debemos estar preparados para defender la soberan\u00eda y la integridad de nuestro pueblo.<\/p>\n\n\n\n<p>Asimismo, los perrede\u00edstas nos adherimos al mensaje de nuestro presidente Vargas en su cuenta de Twitter, donde este domingo declar\u00f3 que esta Marcha Patri\u00f3tica \u201cexpresa el clamor ciudadano para que el gobierno act\u00fae con responsabilidad, eficacia y transparencia ante la amenaza que representa para nuestro pa\u00eds la delicada crisis en Hait\u00ed\u201d.<\/p>\n\n\n\n<p>Adicionalmente, entendemos de rigor conminar al Consejo de Seguridad de las Naciones Unidas, apoderado ya de una resoluci\u00f3n presentada por M\u00e9xico y Estados Unidos sobre posibles acciones para combatir las bandas haitianas y pacificar el vecino pa\u00eds.<\/p>\n\n\n\n<p>Desde el PRD, reiteramos que la Oficina Integrada de la ONU en Hait\u00ed (BINUH) es el instrumento para implementar acciones en tal sentido.<\/p>\n","protected":false},"excerpt":{"rendered":"<p>Multitud que portaba la bandera nacional reivindica la demanda de proteger la dominicanidad, seriamente amenazada, y reitera el fin de la tolerancia a la inmigraci\u00f3n masiva e indocumentada.Santo Domingo.- El&hellip; <\/p>\n","protected":false},"author":2,"featured_media":690,"comment_status":"open","ping_status":"open","sticky":false,"template":"","format":"standard","meta":{"fifu_image_url":"","fifu_image_alt":"","footnotes":""},"categories":[5],"tags":[],"class_list":["post-689","post","type-post","status-publish","format-standard","has-post-thumbnail","hentry","category-partidos"],"_links":{"self":[{"href":"https:\/\/elmundodelapolitica.com\/v1\/wp-json\/wp\/v2\/posts\/689","targetHints":{"allow":["GET"]}}],"collection":[{"href":"https:\/\/elmundodelapolitica.com\/v1\/wp-json\/wp\/v2\/posts"}],"about":[{"href":"https:\/\/elmundodelapolitica.com\/v1\/wp-json\/wp\/v2\/types\/post"}],"author":[{"embeddable":true,"href":"https:\/\/elmundodelapolitica.com\/v1\/wp-json\/wp\/v2\/users\/2"}],"replies":[{"embeddable":true,"href":"https:\/\/elmundodelapolitica.com\/v1\/wp-json\/wp\/v2\/comments?post=689"}],"version-history":[{"count":1,"href":"https:\/\/elmundodelapolitica.com\/v1\/wp-json\/wp\/v2\/posts\/689\/revisions"}],"predecessor-version":[{"id":691,"href":"https:\/\/elmundodelapolitica.com\/v1\/wp-json\/wp\/v2\/posts\/689\/revisions\/691"}],"wp:featuredmedia":[{"embeddable":true,"href":"https:\/\/elmundodelapolitica.com\/v1\/wp-json\/wp\/v2\/media\/690"}],"wp:attachment":[{"href":"https:\/\/elmundodelapolitica.com\/v1\/wp-json\/wp\/v2\/media?parent=689"}],"wp:term":[{"taxonomy":"category","embeddable":true,"href":"https:\/\/elmundodelapolitica.com\/v1\/wp-json\/wp\/v2\/categories?post=689"},{"taxonomy":"post_tag","embeddable":true,"href":"https:\/\/elmundodelapolitica.com\/v1\/wp-json\/wp\/v2\/tags?post=689"}],"curies":[{"name":"wp","href":"https:\/\/api.w.org\/{rel}","templated":true}]}}