{"id":6886,"date":"2025-10-15T03:01:38","date_gmt":"2025-10-15T07:01:38","guid":{"rendered":"https:\/\/elmundodelapolitica.com\/v1\/?p=6886"},"modified":"2025-10-15T03:01:38","modified_gmt":"2025-10-15T07:01:38","slug":"charlie-mariotti-para-hacer-politicas-publicas-eficientes-hay-que-entrar-en-el-corazon-de-la-gente","status":"publish","type":"post","link":"https:\/\/elmundodelapolitica.com\/v1\/charlie-mariotti-para-hacer-politicas-publicas-eficientes-hay-que-entrar-en-el-corazon-de-la-gente\/","title":{"rendered":"Charlie Mariotti: \u201cPara hacer pol\u00edticas p\u00fablicas eficientes hay que entrar en el coraz\u00f3n de la gente\u201d"},"content":{"rendered":"<div>Santo Domingo Este. \u2013 El aspirante a la candidatura presidencial del Partido de la Liberaci\u00f3n Dominicana (PLD), Charlie Mariotti, advirti\u00f3 sobre la necesidad de conectar las pol\u00edticas p\u00fablicas con las necesidades reales de los territorios para generar bienestar real y sostenible en la gente. Mariotti afirm\u00f3 que \u201cpara hacer pol\u00edticas p\u00fablicas eficientes hay que entrar [\u2026]<\/div>\n","protected":false},"excerpt":{"rendered":"<p>Santo Domingo Este. \u2013 El aspirante a la candidatura presidencial del Partido de la Liberaci\u00f3n Dominicana (PLD), Charlie Mariotti, advirti\u00f3 sobre la necesidad de conectar las pol\u00edticas p\u00fablicas con las&hellip; <\/p>\n","protected":false},"author":1,"featured_media":0,"comment_status":"closed","ping_status":"closed","sticky":false,"template":"","format":"standard","meta":{"fifu_image_url":"","fifu_image_alt":"","footnotes":""},"categories":[17],"tags":[],"class_list":["post-6886","post","type-post","status-publish","format-standard","hentry","category-politica"],"_links":{"self":[{"href":"https:\/\/elmundodelapolitica.com\/v1\/wp-json\/wp\/v2\/posts\/6886","targetHints":{"allow":["GET"]}}],"collection":[{"href":"https:\/\/elmundodelapolitica.com\/v1\/wp-json\/wp\/v2\/posts"}],"about":[{"href":"https:\/\/elmundodelapolitica.com\/v1\/wp-json\/wp\/v2\/types\/post"}],"author":[{"embeddable":true,"href":"https:\/\/elmundodelapolitica.com\/v1\/wp-json\/wp\/v2\/users\/1"}],"replies":[{"embeddable":true,"href":"https:\/\/elmundodelapolitica.com\/v1\/wp-json\/wp\/v2\/comments?post=6886"}],"version-history":[{"count":0,"href":"https:\/\/elmundodelapolitica.com\/v1\/wp-json\/wp\/v2\/posts\/6886\/revisions"}],"wp:attachment":[{"href":"https:\/\/elmundodelapolitica.com\/v1\/wp-json\/wp\/v2\/media?parent=6886"}],"wp:term":[{"taxonomy":"category","embeddable":true,"href":"https:\/\/elmundodelapolitica.com\/v1\/wp-json\/wp\/v2\/categories?post=6886"},{"taxonomy":"post_tag","embeddable":true,"href":"https:\/\/elmundodelapolitica.com\/v1\/wp-json\/wp\/v2\/tags?post=6886"}],"curies":[{"name":"wp","href":"https:\/\/api.w.org\/{rel}","templated":true}]}}