{"id":6885,"date":"2025-10-15T03:01:38","date_gmt":"2025-10-15T07:01:38","guid":{"rendered":"https:\/\/elmundodelapolitica.com\/v1\/?p=6885"},"modified":"2025-10-15T03:01:38","modified_gmt":"2025-10-15T07:01:38","slug":"rosario-afirma-que-funcionarios-del-gobierno-actuan-en-modo-liquidacion","status":"publish","type":"post","link":"https:\/\/elmundodelapolitica.com\/v1\/rosario-afirma-que-funcionarios-del-gobierno-actuan-en-modo-liquidacion\/","title":{"rendered":"Rosario afirma que funcionarios del Gobierno act\u00faan \u201cen modo liquidaci\u00f3n\u201d"},"content":{"rendered":"<div>Santo Domingo. \u2013 El expresidente de la Junta Central Electoral (JCE) y dirigente del partido Fuerza del Pueblo (FP), Roberto Rosario M\u00e1rquez, afirm\u00f3 que muchos funcionarios del actual gobierno est\u00e1n trabajando en modo \u201cliquidaci\u00f3n\u201d, reflejando una actitud de cierre anticipado de gesti\u00f3n. Durante una entrevista en el programa \u201cHoy Mismo\u201d, Rosario expres\u00f3 su preocupaci\u00f3n por [\u2026]<\/div>\n","protected":false},"excerpt":{"rendered":"<p>Santo Domingo. \u2013 El expresidente de la Junta Central Electoral (JCE) y dirigente del partido Fuerza del Pueblo (FP), Roberto Rosario M\u00e1rquez, afirm\u00f3 que muchos funcionarios del actual gobierno est\u00e1n&hellip; <\/p>\n","protected":false},"author":1,"featured_media":0,"comment_status":"closed","ping_status":"closed","sticky":false,"template":"","format":"standard","meta":{"fifu_image_url":"","fifu_image_alt":"","footnotes":""},"categories":[17],"tags":[],"class_list":["post-6885","post","type-post","status-publish","format-standard","hentry","category-politica"],"_links":{"self":[{"href":"https:\/\/elmundodelapolitica.com\/v1\/wp-json\/wp\/v2\/posts\/6885","targetHints":{"allow":["GET"]}}],"collection":[{"href":"https:\/\/elmundodelapolitica.com\/v1\/wp-json\/wp\/v2\/posts"}],"about":[{"href":"https:\/\/elmundodelapolitica.com\/v1\/wp-json\/wp\/v2\/types\/post"}],"author":[{"embeddable":true,"href":"https:\/\/elmundodelapolitica.com\/v1\/wp-json\/wp\/v2\/users\/1"}],"replies":[{"embeddable":true,"href":"https:\/\/elmundodelapolitica.com\/v1\/wp-json\/wp\/v2\/comments?post=6885"}],"version-history":[{"count":0,"href":"https:\/\/elmundodelapolitica.com\/v1\/wp-json\/wp\/v2\/posts\/6885\/revisions"}],"wp:attachment":[{"href":"https:\/\/elmundodelapolitica.com\/v1\/wp-json\/wp\/v2\/media?parent=6885"}],"wp:term":[{"taxonomy":"category","embeddable":true,"href":"https:\/\/elmundodelapolitica.com\/v1\/wp-json\/wp\/v2\/categories?post=6885"},{"taxonomy":"post_tag","embeddable":true,"href":"https:\/\/elmundodelapolitica.com\/v1\/wp-json\/wp\/v2\/tags?post=6885"}],"curies":[{"name":"wp","href":"https:\/\/api.w.org\/{rel}","templated":true}]}}