{"id":6882,"date":"2025-10-14T03:04:58","date_gmt":"2025-10-14T07:04:58","guid":{"rendered":"https:\/\/elmundodelapolitica.com\/v1\/?p=6882"},"modified":"2025-10-14T03:04:58","modified_gmt":"2025-10-14T07:04:58","slug":"dice-que-los-apagones-son-el-talon-de-aquiles-del-pais-que-deben-resolverse","status":"publish","type":"post","link":"https:\/\/elmundodelapolitica.com\/v1\/dice-que-los-apagones-son-el-talon-de-aquiles-del-pais-que-deben-resolverse\/","title":{"rendered":"Dice que los apagones son el \u00abtal\u00f3n de Aquiles\u00bb del pa\u00eds, que deben resolverse."},"content":{"rendered":"<div>Santo Domingo.- El exsenador Ram\u00f3n Alburquerque afirm\u00f3 que la crisis el\u00e9ctrica en Rep\u00fablica Dominicana debe dejar de ser un motivo de angustia para la poblaci\u00f3n, instando a que el pa\u00eds supere definitivamente esta problem\u00e1tica. El tambi\u00e9n dirigente del Partido Revolucionario Moderno (PRM) destac\u00f3 que, pese a los avances en diferentes sectores, el sistema energ\u00e9tico contin\u00faa [\u2026]<\/div>\n","protected":false},"excerpt":{"rendered":"<p>Santo Domingo.- El exsenador Ram\u00f3n Alburquerque afirm\u00f3 que la crisis el\u00e9ctrica en Rep\u00fablica Dominicana debe dejar de ser un motivo de angustia para la poblaci\u00f3n, instando a que el pa\u00eds&hellip; <\/p>\n","protected":false},"author":1,"featured_media":0,"comment_status":"closed","ping_status":"closed","sticky":false,"template":"","format":"standard","meta":{"fifu_image_url":"","fifu_image_alt":"","footnotes":""},"categories":[17],"tags":[],"class_list":["post-6882","post","type-post","status-publish","format-standard","hentry","category-politica"],"_links":{"self":[{"href":"https:\/\/elmundodelapolitica.com\/v1\/wp-json\/wp\/v2\/posts\/6882","targetHints":{"allow":["GET"]}}],"collection":[{"href":"https:\/\/elmundodelapolitica.com\/v1\/wp-json\/wp\/v2\/posts"}],"about":[{"href":"https:\/\/elmundodelapolitica.com\/v1\/wp-json\/wp\/v2\/types\/post"}],"author":[{"embeddable":true,"href":"https:\/\/elmundodelapolitica.com\/v1\/wp-json\/wp\/v2\/users\/1"}],"replies":[{"embeddable":true,"href":"https:\/\/elmundodelapolitica.com\/v1\/wp-json\/wp\/v2\/comments?post=6882"}],"version-history":[{"count":0,"href":"https:\/\/elmundodelapolitica.com\/v1\/wp-json\/wp\/v2\/posts\/6882\/revisions"}],"wp:attachment":[{"href":"https:\/\/elmundodelapolitica.com\/v1\/wp-json\/wp\/v2\/media?parent=6882"}],"wp:term":[{"taxonomy":"category","embeddable":true,"href":"https:\/\/elmundodelapolitica.com\/v1\/wp-json\/wp\/v2\/categories?post=6882"},{"taxonomy":"post_tag","embeddable":true,"href":"https:\/\/elmundodelapolitica.com\/v1\/wp-json\/wp\/v2\/tags?post=6882"}],"curies":[{"name":"wp","href":"https:\/\/api.w.org\/{rel}","templated":true}]}}