{"id":6881,"date":"2025-10-14T03:04:58","date_gmt":"2025-10-14T07:04:58","guid":{"rendered":"https:\/\/elmundodelapolitica.com\/v1\/?p=6881"},"modified":"2025-10-14T03:04:58","modified_gmt":"2025-10-14T07:04:58","slug":"tomas-hernandez-alberto-impulsa-la-movilizacion-del-prm-y-movimiento-poder-pal-pueblo-en-todo-el-pais","status":"publish","type":"post","link":"https:\/\/elmundodelapolitica.com\/v1\/tomas-hernandez-alberto-impulsa-la-movilizacion-del-prm-y-movimiento-poder-pal-pueblo-en-todo-el-pais\/","title":{"rendered":"Tom\u00e1s Hern\u00e1ndez Alberto impulsa la movilizaci\u00f3n del PRM y Movimiento Poder Pa\u2019l Pueblo en todo el pa\u00eds"},"content":{"rendered":"<div>Santo Domingo. \u2013 Tom\u00e1s Hern\u00e1ndez Alberto, presidente del Movimiento Poder Pa\u2019l Pueblo y miembro destacado del Partido Revolucionario Moderno (PRM), recorre diversas provincias del pa\u00eds promoviendo la movilizaci\u00f3n de los integrantes de estas organizaciones pol\u00edticas, en cumplimiento de las directrices institucionales. Durante su gira, Hern\u00e1ndez Alberto destac\u00f3 la importancia de verificar a los miembros y [\u2026]<\/div>\n","protected":false},"excerpt":{"rendered":"<p>Santo Domingo. \u2013 Tom\u00e1s Hern\u00e1ndez Alberto, presidente del Movimiento Poder Pa\u2019l Pueblo y miembro destacado del Partido Revolucionario Moderno (PRM), recorre diversas provincias del pa\u00eds promoviendo la movilizaci\u00f3n de los&hellip; <\/p>\n","protected":false},"author":1,"featured_media":0,"comment_status":"closed","ping_status":"closed","sticky":false,"template":"","format":"standard","meta":{"fifu_image_url":"","fifu_image_alt":"","footnotes":""},"categories":[17],"tags":[],"class_list":["post-6881","post","type-post","status-publish","format-standard","hentry","category-politica"],"_links":{"self":[{"href":"https:\/\/elmundodelapolitica.com\/v1\/wp-json\/wp\/v2\/posts\/6881","targetHints":{"allow":["GET"]}}],"collection":[{"href":"https:\/\/elmundodelapolitica.com\/v1\/wp-json\/wp\/v2\/posts"}],"about":[{"href":"https:\/\/elmundodelapolitica.com\/v1\/wp-json\/wp\/v2\/types\/post"}],"author":[{"embeddable":true,"href":"https:\/\/elmundodelapolitica.com\/v1\/wp-json\/wp\/v2\/users\/1"}],"replies":[{"embeddable":true,"href":"https:\/\/elmundodelapolitica.com\/v1\/wp-json\/wp\/v2\/comments?post=6881"}],"version-history":[{"count":0,"href":"https:\/\/elmundodelapolitica.com\/v1\/wp-json\/wp\/v2\/posts\/6881\/revisions"}],"wp:attachment":[{"href":"https:\/\/elmundodelapolitica.com\/v1\/wp-json\/wp\/v2\/media?parent=6881"}],"wp:term":[{"taxonomy":"category","embeddable":true,"href":"https:\/\/elmundodelapolitica.com\/v1\/wp-json\/wp\/v2\/categories?post=6881"},{"taxonomy":"post_tag","embeddable":true,"href":"https:\/\/elmundodelapolitica.com\/v1\/wp-json\/wp\/v2\/tags?post=6881"}],"curies":[{"name":"wp","href":"https:\/\/api.w.org\/{rel}","templated":true}]}}