{"id":6873,"date":"2025-10-13T03:02:15","date_gmt":"2025-10-13T07:02:15","guid":{"rendered":"https:\/\/elmundodelapolitica.com\/v1\/?p=6873"},"modified":"2025-10-13T03:02:15","modified_gmt":"2025-10-13T07:02:15","slug":"paz-confirmado-como-presidente-de-la-fp-en-el-distrito-nacional","status":"publish","type":"post","link":"https:\/\/elmundodelapolitica.com\/v1\/paz-confirmado-como-presidente-de-la-fp-en-el-distrito-nacional\/","title":{"rendered":"Paz confirmado como presidente de la FP en el Distrito Nacional"},"content":{"rendered":"<div>Santo Domingo. El dirigente pol\u00edtico Rafael Paz fue confirmado este viernes como presidente de la Fuerza del Pueblo en el Distrito Nacional, de acuerdo con lo comunicado por el propio l\u00edder a trav\u00e9s de sus redes sociales. Paz manifest\u00f3 su agradecimiento al presidente y l\u00edder de la organizaci\u00f3n, Leonel Fern\u00e1ndez, as\u00ed como al vicepresidente Radham\u00e9s [\u2026]<\/div>\n","protected":false},"excerpt":{"rendered":"<p>Santo Domingo. El dirigente pol\u00edtico Rafael Paz fue confirmado este viernes como presidente de la Fuerza del Pueblo en el Distrito Nacional, de acuerdo con lo comunicado por el propio&hellip; <\/p>\n","protected":false},"author":1,"featured_media":0,"comment_status":"closed","ping_status":"closed","sticky":false,"template":"","format":"standard","meta":{"fifu_image_url":"","fifu_image_alt":"","footnotes":""},"categories":[17],"tags":[],"class_list":["post-6873","post","type-post","status-publish","format-standard","hentry","category-politica"],"_links":{"self":[{"href":"https:\/\/elmundodelapolitica.com\/v1\/wp-json\/wp\/v2\/posts\/6873","targetHints":{"allow":["GET"]}}],"collection":[{"href":"https:\/\/elmundodelapolitica.com\/v1\/wp-json\/wp\/v2\/posts"}],"about":[{"href":"https:\/\/elmundodelapolitica.com\/v1\/wp-json\/wp\/v2\/types\/post"}],"author":[{"embeddable":true,"href":"https:\/\/elmundodelapolitica.com\/v1\/wp-json\/wp\/v2\/users\/1"}],"replies":[{"embeddable":true,"href":"https:\/\/elmundodelapolitica.com\/v1\/wp-json\/wp\/v2\/comments?post=6873"}],"version-history":[{"count":0,"href":"https:\/\/elmundodelapolitica.com\/v1\/wp-json\/wp\/v2\/posts\/6873\/revisions"}],"wp:attachment":[{"href":"https:\/\/elmundodelapolitica.com\/v1\/wp-json\/wp\/v2\/media?parent=6873"}],"wp:term":[{"taxonomy":"category","embeddable":true,"href":"https:\/\/elmundodelapolitica.com\/v1\/wp-json\/wp\/v2\/categories?post=6873"},{"taxonomy":"post_tag","embeddable":true,"href":"https:\/\/elmundodelapolitica.com\/v1\/wp-json\/wp\/v2\/tags?post=6873"}],"curies":[{"name":"wp","href":"https:\/\/api.w.org\/{rel}","templated":true}]}}