{"id":6872,"date":"2025-10-13T03:02:14","date_gmt":"2025-10-13T07:02:14","guid":{"rendered":"https:\/\/elmundodelapolitica.com\/v1\/?p=6872"},"modified":"2025-10-13T03:02:14","modified_gmt":"2025-10-13T07:02:14","slug":"deligne-llama-a-defender-gobierno-con-datos-ante-intentos-de-opositores-de-fabricar-crisis","status":"publish","type":"post","link":"https:\/\/elmundodelapolitica.com\/v1\/deligne-llama-a-defender-gobierno-con-datos-ante-intentos-de-opositores-de-fabricar-crisis\/","title":{"rendered":"Deligne llama a defender Gobierno con datos, ante intentos de opositores de \u00abfabricar crisis\u00bb"},"content":{"rendered":"<div>Santo Domingo.- El secretario de organizaci\u00f3n del Partido Revolucionario Moderno (PRM), Deligne Ascenci\u00f3n, dijo este jueves que a los intentos de \u00abfabricar\u00bb un ambiente de crisis de confianza en el Gobierno, los funcionarios y miembros de esa organizaci\u00f3n deben responder con datos, rendici\u00f3n de cuentas y, sobre todo, con la entrega de resultados que, seg\u00fan [\u2026]<\/div>\n","protected":false},"excerpt":{"rendered":"<p>Santo Domingo.- El secretario de organizaci\u00f3n del Partido Revolucionario Moderno (PRM), Deligne Ascenci\u00f3n, dijo este jueves que a los intentos de \u00abfabricar\u00bb un ambiente de crisis de confianza en el&hellip; <\/p>\n","protected":false},"author":1,"featured_media":0,"comment_status":"closed","ping_status":"closed","sticky":false,"template":"","format":"standard","meta":{"fifu_image_url":"","fifu_image_alt":"","footnotes":""},"categories":[17],"tags":[],"class_list":["post-6872","post","type-post","status-publish","format-standard","hentry","category-politica"],"_links":{"self":[{"href":"https:\/\/elmundodelapolitica.com\/v1\/wp-json\/wp\/v2\/posts\/6872","targetHints":{"allow":["GET"]}}],"collection":[{"href":"https:\/\/elmundodelapolitica.com\/v1\/wp-json\/wp\/v2\/posts"}],"about":[{"href":"https:\/\/elmundodelapolitica.com\/v1\/wp-json\/wp\/v2\/types\/post"}],"author":[{"embeddable":true,"href":"https:\/\/elmundodelapolitica.com\/v1\/wp-json\/wp\/v2\/users\/1"}],"replies":[{"embeddable":true,"href":"https:\/\/elmundodelapolitica.com\/v1\/wp-json\/wp\/v2\/comments?post=6872"}],"version-history":[{"count":0,"href":"https:\/\/elmundodelapolitica.com\/v1\/wp-json\/wp\/v2\/posts\/6872\/revisions"}],"wp:attachment":[{"href":"https:\/\/elmundodelapolitica.com\/v1\/wp-json\/wp\/v2\/media?parent=6872"}],"wp:term":[{"taxonomy":"category","embeddable":true,"href":"https:\/\/elmundodelapolitica.com\/v1\/wp-json\/wp\/v2\/categories?post=6872"},{"taxonomy":"post_tag","embeddable":true,"href":"https:\/\/elmundodelapolitica.com\/v1\/wp-json\/wp\/v2\/tags?post=6872"}],"curies":[{"name":"wp","href":"https:\/\/api.w.org\/{rel}","templated":true}]}}