{"id":6865,"date":"2025-10-11T03:03:12","date_gmt":"2025-10-11T07:03:12","guid":{"rendered":"https:\/\/elmundodelapolitica.com\/v1\/?p=6865"},"modified":"2025-10-11T03:03:12","modified_gmt":"2025-10-11T07:03:12","slug":"milei-rock-y-poder","status":"publish","type":"post","link":"https:\/\/elmundodelapolitica.com\/v1\/milei-rock-y-poder\/","title":{"rendered":"Milei rock y poder"},"content":{"rendered":"<div>Las luces se apagaron. El sonido del shofar \u2014cuerno sagrado jud\u00edo\u2014 reson\u00f3 en el Movistar Arena de Buenos Aires como si convocara a una liturgia nacional. Entre explosiones visuales de bombas at\u00f3micas y ruinas urbanas, apareci\u00f3 Javier Milei, presidente de la Rep\u00fablica Argentina, envuelto en una tormenta de aplausos, c\u00e1nticos y guitarras el\u00e9ctricas.No fue un [\u2026]<\/div>\n","protected":false},"excerpt":{"rendered":"<p>Las luces se apagaron. El sonido del shofar \u2014cuerno sagrado jud\u00edo\u2014 reson\u00f3 en el Movistar Arena de Buenos Aires como si convocara a una liturgia nacional. Entre explosiones visuales de&hellip; <\/p>\n","protected":false},"author":1,"featured_media":0,"comment_status":"closed","ping_status":"closed","sticky":false,"template":"","format":"standard","meta":{"fifu_image_url":"","fifu_image_alt":"","footnotes":""},"categories":[17],"tags":[],"class_list":["post-6865","post","type-post","status-publish","format-standard","hentry","category-politica"],"_links":{"self":[{"href":"https:\/\/elmundodelapolitica.com\/v1\/wp-json\/wp\/v2\/posts\/6865","targetHints":{"allow":["GET"]}}],"collection":[{"href":"https:\/\/elmundodelapolitica.com\/v1\/wp-json\/wp\/v2\/posts"}],"about":[{"href":"https:\/\/elmundodelapolitica.com\/v1\/wp-json\/wp\/v2\/types\/post"}],"author":[{"embeddable":true,"href":"https:\/\/elmundodelapolitica.com\/v1\/wp-json\/wp\/v2\/users\/1"}],"replies":[{"embeddable":true,"href":"https:\/\/elmundodelapolitica.com\/v1\/wp-json\/wp\/v2\/comments?post=6865"}],"version-history":[{"count":0,"href":"https:\/\/elmundodelapolitica.com\/v1\/wp-json\/wp\/v2\/posts\/6865\/revisions"}],"wp:attachment":[{"href":"https:\/\/elmundodelapolitica.com\/v1\/wp-json\/wp\/v2\/media?parent=6865"}],"wp:term":[{"taxonomy":"category","embeddable":true,"href":"https:\/\/elmundodelapolitica.com\/v1\/wp-json\/wp\/v2\/categories?post=6865"},{"taxonomy":"post_tag","embeddable":true,"href":"https:\/\/elmundodelapolitica.com\/v1\/wp-json\/wp\/v2\/tags?post=6865"}],"curies":[{"name":"wp","href":"https:\/\/api.w.org\/{rel}","templated":true}]}}