{"id":6862,"date":"2025-10-10T03:03:50","date_gmt":"2025-10-10T07:03:50","guid":{"rendered":"https:\/\/elmundodelapolitica.com\/v1\/?p=6862"},"modified":"2025-10-10T03:03:50","modified_gmt":"2025-10-10T07:03:50","slug":"senado-concluye-estudio-de-reforma-al-codigo-procesal-penal-y-presentara-informe","status":"publish","type":"post","link":"https:\/\/elmundodelapolitica.com\/v1\/senado-concluye-estudio-de-reforma-al-codigo-procesal-penal-y-presentara-informe\/","title":{"rendered":"Senado concluye estudio de reforma al C\u00f3digo Procesal Penal y presentar\u00e1 informe"},"content":{"rendered":"<div>La Comisi\u00f3n de Justicia y Derechos Humanos del Senado de la Rep\u00fablica, que preside el senador Antonio Taveras Guzm\u00e1n concluy\u00f3 las discusiones preliminares sobre el nuevo proyecto de modificaci\u00f3n al C\u00f3digo Procesal Penal (CPP). Taveras explic\u00f3 que el nuevo proyecto de reforma reduce el C\u00f3digo de 438 a 400 art\u00edculos, e incorpora la actualizaci\u00f3n de [\u2026]<\/div>\n","protected":false},"excerpt":{"rendered":"<p>La Comisi\u00f3n de Justicia y Derechos Humanos del Senado de la Rep\u00fablica, que preside el senador Antonio Taveras Guzm\u00e1n concluy\u00f3 las discusiones preliminares sobre el nuevo proyecto de modificaci\u00f3n al&hellip; <\/p>\n","protected":false},"author":1,"featured_media":0,"comment_status":"closed","ping_status":"closed","sticky":false,"template":"","format":"standard","meta":{"fifu_image_url":"","fifu_image_alt":"","footnotes":""},"categories":[17],"tags":[],"class_list":["post-6862","post","type-post","status-publish","format-standard","hentry","category-politica"],"_links":{"self":[{"href":"https:\/\/elmundodelapolitica.com\/v1\/wp-json\/wp\/v2\/posts\/6862","targetHints":{"allow":["GET"]}}],"collection":[{"href":"https:\/\/elmundodelapolitica.com\/v1\/wp-json\/wp\/v2\/posts"}],"about":[{"href":"https:\/\/elmundodelapolitica.com\/v1\/wp-json\/wp\/v2\/types\/post"}],"author":[{"embeddable":true,"href":"https:\/\/elmundodelapolitica.com\/v1\/wp-json\/wp\/v2\/users\/1"}],"replies":[{"embeddable":true,"href":"https:\/\/elmundodelapolitica.com\/v1\/wp-json\/wp\/v2\/comments?post=6862"}],"version-history":[{"count":0,"href":"https:\/\/elmundodelapolitica.com\/v1\/wp-json\/wp\/v2\/posts\/6862\/revisions"}],"wp:attachment":[{"href":"https:\/\/elmundodelapolitica.com\/v1\/wp-json\/wp\/v2\/media?parent=6862"}],"wp:term":[{"taxonomy":"category","embeddable":true,"href":"https:\/\/elmundodelapolitica.com\/v1\/wp-json\/wp\/v2\/categories?post=6862"},{"taxonomy":"post_tag","embeddable":true,"href":"https:\/\/elmundodelapolitica.com\/v1\/wp-json\/wp\/v2\/tags?post=6862"}],"curies":[{"name":"wp","href":"https:\/\/api.w.org\/{rel}","templated":true}]}}