{"id":6859,"date":"2025-10-09T03:04:19","date_gmt":"2025-10-09T07:04:19","guid":{"rendered":"https:\/\/elmundodelapolitica.com\/v1\/?p=6859"},"modified":"2025-10-09T03:04:19","modified_gmt":"2025-10-09T07:04:19","slug":"senador-propone-crear-cuarta-sala-en-la-suprema-corte-para-agilizar-fallos-y-especializar-justicia-administrativa","status":"publish","type":"post","link":"https:\/\/elmundodelapolitica.com\/v1\/senador-propone-crear-cuarta-sala-en-la-suprema-corte-para-agilizar-fallos-y-especializar-justicia-administrativa\/","title":{"rendered":"Senador propone crear Cuarta Sala en la Suprema Corte para agilizar fallos y especializar justicia administrativa"},"content":{"rendered":"<div>Santo Domingo.- El senador por la provincia La Vega, Ram\u00f3n Rogelio Genao Dur\u00e1n, inform\u00f3 que deposit\u00f3 el proyecto de ley que modifica la Ley Org\u00e1nica 25-91 de la Suprema Corte de Justicia (SCJ), con el fin de crear la Cuarta Sala de este alto tribunal. El legislador explic\u00f3 que la iniciativa busca elevar la calidad [\u2026]<\/div>\n","protected":false},"excerpt":{"rendered":"<p>Santo Domingo.- El senador por la provincia La Vega, Ram\u00f3n Rogelio Genao Dur\u00e1n, inform\u00f3 que deposit\u00f3 el proyecto de ley que modifica la Ley Org\u00e1nica 25-91 de la Suprema Corte&hellip; <\/p>\n","protected":false},"author":1,"featured_media":0,"comment_status":"closed","ping_status":"closed","sticky":false,"template":"","format":"standard","meta":{"fifu_image_url":"","fifu_image_alt":"","footnotes":""},"categories":[17],"tags":[],"class_list":["post-6859","post","type-post","status-publish","format-standard","hentry","category-politica"],"_links":{"self":[{"href":"https:\/\/elmundodelapolitica.com\/v1\/wp-json\/wp\/v2\/posts\/6859","targetHints":{"allow":["GET"]}}],"collection":[{"href":"https:\/\/elmundodelapolitica.com\/v1\/wp-json\/wp\/v2\/posts"}],"about":[{"href":"https:\/\/elmundodelapolitica.com\/v1\/wp-json\/wp\/v2\/types\/post"}],"author":[{"embeddable":true,"href":"https:\/\/elmundodelapolitica.com\/v1\/wp-json\/wp\/v2\/users\/1"}],"replies":[{"embeddable":true,"href":"https:\/\/elmundodelapolitica.com\/v1\/wp-json\/wp\/v2\/comments?post=6859"}],"version-history":[{"count":0,"href":"https:\/\/elmundodelapolitica.com\/v1\/wp-json\/wp\/v2\/posts\/6859\/revisions"}],"wp:attachment":[{"href":"https:\/\/elmundodelapolitica.com\/v1\/wp-json\/wp\/v2\/media?parent=6859"}],"wp:term":[{"taxonomy":"category","embeddable":true,"href":"https:\/\/elmundodelapolitica.com\/v1\/wp-json\/wp\/v2\/categories?post=6859"},{"taxonomy":"post_tag","embeddable":true,"href":"https:\/\/elmundodelapolitica.com\/v1\/wp-json\/wp\/v2\/tags?post=6859"}],"curies":[{"name":"wp","href":"https:\/\/api.w.org\/{rel}","templated":true}]}}