{"id":6858,"date":"2025-10-09T03:04:19","date_gmt":"2025-10-09T07:04:19","guid":{"rendered":"https:\/\/elmundodelapolitica.com\/v1\/?p=6858"},"modified":"2025-10-09T03:04:19","modified_gmt":"2025-10-09T07:04:19","slug":"alcalde-de-sdo-asegura-cabildo-dispone-de-rd-100-millones-para-el-asfalto-de-las-calles","status":"publish","type":"post","link":"https:\/\/elmundodelapolitica.com\/v1\/alcalde-de-sdo-asegura-cabildo-dispone-de-rd-100-millones-para-el-asfalto-de-las-calles\/","title":{"rendered":"Alcalde de SDO asegura cabildo dispone de RD$ 100 millones para el asfalto de las calles\u00a0"},"content":{"rendered":"<div>El alcalde de Santo Domingo Oeste, Francisco Pe\u00f1a inform\u00f3 este mi\u00e9rcoles que el cabildo dispone de RD $100 millones, para el asfaltado de las calles de los diferentes sectores del municipio, luego de la inauguraci\u00f3n del paso a desnivel en la Prolongaci\u00f3n 27 de Febrero con Isabel Aguiar.<\/div>\n","protected":false},"excerpt":{"rendered":"<p>El alcalde de Santo Domingo Oeste, Francisco Pe\u00f1a inform\u00f3 este mi\u00e9rcoles que el cabildo dispone de RD $100 millones, para el asfaltado de las calles de los diferentes sectores del&hellip; <\/p>\n","protected":false},"author":1,"featured_media":0,"comment_status":"closed","ping_status":"closed","sticky":false,"template":"","format":"standard","meta":{"fifu_image_url":"","fifu_image_alt":"","footnotes":""},"categories":[17],"tags":[],"class_list":["post-6858","post","type-post","status-publish","format-standard","hentry","category-politica"],"_links":{"self":[{"href":"https:\/\/elmundodelapolitica.com\/v1\/wp-json\/wp\/v2\/posts\/6858","targetHints":{"allow":["GET"]}}],"collection":[{"href":"https:\/\/elmundodelapolitica.com\/v1\/wp-json\/wp\/v2\/posts"}],"about":[{"href":"https:\/\/elmundodelapolitica.com\/v1\/wp-json\/wp\/v2\/types\/post"}],"author":[{"embeddable":true,"href":"https:\/\/elmundodelapolitica.com\/v1\/wp-json\/wp\/v2\/users\/1"}],"replies":[{"embeddable":true,"href":"https:\/\/elmundodelapolitica.com\/v1\/wp-json\/wp\/v2\/comments?post=6858"}],"version-history":[{"count":0,"href":"https:\/\/elmundodelapolitica.com\/v1\/wp-json\/wp\/v2\/posts\/6858\/revisions"}],"wp:attachment":[{"href":"https:\/\/elmundodelapolitica.com\/v1\/wp-json\/wp\/v2\/media?parent=6858"}],"wp:term":[{"taxonomy":"category","embeddable":true,"href":"https:\/\/elmundodelapolitica.com\/v1\/wp-json\/wp\/v2\/categories?post=6858"},{"taxonomy":"post_tag","embeddable":true,"href":"https:\/\/elmundodelapolitica.com\/v1\/wp-json\/wp\/v2\/tags?post=6858"}],"curies":[{"name":"wp","href":"https:\/\/api.w.org\/{rel}","templated":true}]}}