{"id":6857,"date":"2025-10-09T03:04:19","date_gmt":"2025-10-09T07:04:19","guid":{"rendered":"https:\/\/elmundodelapolitica.com\/v1\/?p=6857"},"modified":"2025-10-09T03:04:19","modified_gmt":"2025-10-09T07:04:19","slug":"rafael-paz-denuncia-suplantacion-de-identidad-para-intento-de-estafa","status":"publish","type":"post","link":"https:\/\/elmundodelapolitica.com\/v1\/rafael-paz-denuncia-suplantacion-de-identidad-para-intento-de-estafa\/","title":{"rendered":"Rafael Paz denuncia suplantaci\u00f3n de identidad para intento de estafa"},"content":{"rendered":"<div>Santo Domingo. El presidente de la Fuerza del Pueblo en el Distrito Nacional, Rafael Paz, denunci\u00f3 este martes la utilizaci\u00f3n indebida de su nombre, imagen y datos personales por parte de personas desaprensivas que, a trav\u00e9s de un n\u00famero telef\u00f3nico, intentan estafar a terceros. El dirigente pol\u00edtico explic\u00f3 que desconocidos han estado utilizando fotograf\u00edas suyas [\u2026]<\/div>\n","protected":false},"excerpt":{"rendered":"<p>Santo Domingo. El presidente de la Fuerza del Pueblo en el Distrito Nacional, Rafael Paz, denunci\u00f3 este martes la utilizaci\u00f3n indebida de su nombre, imagen y datos personales por parte&hellip; <\/p>\n","protected":false},"author":1,"featured_media":0,"comment_status":"closed","ping_status":"closed","sticky":false,"template":"","format":"standard","meta":{"fifu_image_url":"","fifu_image_alt":"","footnotes":""},"categories":[17],"tags":[],"class_list":["post-6857","post","type-post","status-publish","format-standard","hentry","category-politica"],"_links":{"self":[{"href":"https:\/\/elmundodelapolitica.com\/v1\/wp-json\/wp\/v2\/posts\/6857","targetHints":{"allow":["GET"]}}],"collection":[{"href":"https:\/\/elmundodelapolitica.com\/v1\/wp-json\/wp\/v2\/posts"}],"about":[{"href":"https:\/\/elmundodelapolitica.com\/v1\/wp-json\/wp\/v2\/types\/post"}],"author":[{"embeddable":true,"href":"https:\/\/elmundodelapolitica.com\/v1\/wp-json\/wp\/v2\/users\/1"}],"replies":[{"embeddable":true,"href":"https:\/\/elmundodelapolitica.com\/v1\/wp-json\/wp\/v2\/comments?post=6857"}],"version-history":[{"count":0,"href":"https:\/\/elmundodelapolitica.com\/v1\/wp-json\/wp\/v2\/posts\/6857\/revisions"}],"wp:attachment":[{"href":"https:\/\/elmundodelapolitica.com\/v1\/wp-json\/wp\/v2\/media?parent=6857"}],"wp:term":[{"taxonomy":"category","embeddable":true,"href":"https:\/\/elmundodelapolitica.com\/v1\/wp-json\/wp\/v2\/categories?post=6857"},{"taxonomy":"post_tag","embeddable":true,"href":"https:\/\/elmundodelapolitica.com\/v1\/wp-json\/wp\/v2\/tags?post=6857"}],"curies":[{"name":"wp","href":"https:\/\/api.w.org\/{rel}","templated":true}]}}