{"id":6852,"date":"2025-10-08T03:03:18","date_gmt":"2025-10-08T07:03:18","guid":{"rendered":"https:\/\/elmundodelapolitica.com\/v1\/?p=6852"},"modified":"2025-10-08T03:03:18","modified_gmt":"2025-10-08T07:03:18","slug":"omar-fernandez-lidera-valoracion-de-dirigentes-de-oposicion-en-rd-segun-encuesta","status":"publish","type":"post","link":"https:\/\/elmundodelapolitica.com\/v1\/omar-fernandez-lidera-valoracion-de-dirigentes-de-oposicion-en-rd-segun-encuesta\/","title":{"rendered":"Omar Fern\u00e1ndez lidera valoraci\u00f3n de dirigentes de oposici\u00f3n en RD, seg\u00fan encuesta"},"content":{"rendered":"<div>Santo Domingo.\u2013 El senador del Distrito Nacional, Omar Fern\u00e1ndez, es el dirigente pol\u00edtico de oposici\u00f3n mejor valorado en Rep\u00fablica Dominicana, seg\u00fan los resultados de una encuesta realizada por la firma Sondeos, que aplic\u00f3 1,200 entrevistas a nivel nacional. De acuerdo con el estudio, Fern\u00e1ndez obtiene una valoraci\u00f3n positiva del 74%, frente a un 8% regular [\u2026]<\/div>\n","protected":false},"excerpt":{"rendered":"<p>Santo Domingo.\u2013 El senador del Distrito Nacional, Omar Fern\u00e1ndez, es el dirigente pol\u00edtico de oposici\u00f3n mejor valorado en Rep\u00fablica Dominicana, seg\u00fan los resultados de una encuesta realizada por la firma&hellip; <\/p>\n","protected":false},"author":1,"featured_media":0,"comment_status":"closed","ping_status":"closed","sticky":false,"template":"","format":"standard","meta":{"fifu_image_url":"","fifu_image_alt":"","footnotes":""},"categories":[17],"tags":[],"class_list":["post-6852","post","type-post","status-publish","format-standard","hentry","category-politica"],"_links":{"self":[{"href":"https:\/\/elmundodelapolitica.com\/v1\/wp-json\/wp\/v2\/posts\/6852","targetHints":{"allow":["GET"]}}],"collection":[{"href":"https:\/\/elmundodelapolitica.com\/v1\/wp-json\/wp\/v2\/posts"}],"about":[{"href":"https:\/\/elmundodelapolitica.com\/v1\/wp-json\/wp\/v2\/types\/post"}],"author":[{"embeddable":true,"href":"https:\/\/elmundodelapolitica.com\/v1\/wp-json\/wp\/v2\/users\/1"}],"replies":[{"embeddable":true,"href":"https:\/\/elmundodelapolitica.com\/v1\/wp-json\/wp\/v2\/comments?post=6852"}],"version-history":[{"count":0,"href":"https:\/\/elmundodelapolitica.com\/v1\/wp-json\/wp\/v2\/posts\/6852\/revisions"}],"wp:attachment":[{"href":"https:\/\/elmundodelapolitica.com\/v1\/wp-json\/wp\/v2\/media?parent=6852"}],"wp:term":[{"taxonomy":"category","embeddable":true,"href":"https:\/\/elmundodelapolitica.com\/v1\/wp-json\/wp\/v2\/categories?post=6852"},{"taxonomy":"post_tag","embeddable":true,"href":"https:\/\/elmundodelapolitica.com\/v1\/wp-json\/wp\/v2\/tags?post=6852"}],"curies":[{"name":"wp","href":"https:\/\/api.w.org\/{rel}","templated":true}]}}