{"id":6851,"date":"2025-10-08T03:03:18","date_gmt":"2025-10-08T07:03:18","guid":{"rendered":"https:\/\/elmundodelapolitica.com\/v1\/?p=6851"},"modified":"2025-10-08T03:03:18","modified_gmt":"2025-10-08T07:03:18","slug":"pacheco-llama-a-legisladores-a-cuidar-su-imagen-tras-polemico-video-de-diputado-bray-vargas","status":"publish","type":"post","link":"https:\/\/elmundodelapolitica.com\/v1\/pacheco-llama-a-legisladores-a-cuidar-su-imagen-tras-polemico-video-de-diputado-bray-vargas\/","title":{"rendered":"Pacheco llama a legisladores a cuidar su imagen tras pol\u00e9mico video de diputado Bray Vargas"},"content":{"rendered":"<div>Santo Domingo.\u2013 El presidente de la C\u00e1mara de Diputados, Alfredo Pacheco, exhort\u00f3 este martes a los legisladores a actuar con prudencia y responsabilidad, record\u00e1ndoles que son figuras p\u00fablicas bajo constante escrutinio ciudadano. Durante la sesi\u00f3n del \u00f3rgano legislativo, Pacheco reaccion\u00f3 a las cr\u00edticas generadas por un video comprometedor del diputado pelede\u00edsta por Santiago, Bray Vargas, [\u2026]<\/div>\n","protected":false},"excerpt":{"rendered":"<p>Santo Domingo.\u2013 El presidente de la C\u00e1mara de Diputados, Alfredo Pacheco, exhort\u00f3 este martes a los legisladores a actuar con prudencia y responsabilidad, record\u00e1ndoles que son figuras p\u00fablicas bajo constante&hellip; <\/p>\n","protected":false},"author":1,"featured_media":0,"comment_status":"closed","ping_status":"closed","sticky":false,"template":"","format":"standard","meta":{"fifu_image_url":"","fifu_image_alt":"","footnotes":""},"categories":[17],"tags":[],"class_list":["post-6851","post","type-post","status-publish","format-standard","hentry","category-politica"],"_links":{"self":[{"href":"https:\/\/elmundodelapolitica.com\/v1\/wp-json\/wp\/v2\/posts\/6851","targetHints":{"allow":["GET"]}}],"collection":[{"href":"https:\/\/elmundodelapolitica.com\/v1\/wp-json\/wp\/v2\/posts"}],"about":[{"href":"https:\/\/elmundodelapolitica.com\/v1\/wp-json\/wp\/v2\/types\/post"}],"author":[{"embeddable":true,"href":"https:\/\/elmundodelapolitica.com\/v1\/wp-json\/wp\/v2\/users\/1"}],"replies":[{"embeddable":true,"href":"https:\/\/elmundodelapolitica.com\/v1\/wp-json\/wp\/v2\/comments?post=6851"}],"version-history":[{"count":0,"href":"https:\/\/elmundodelapolitica.com\/v1\/wp-json\/wp\/v2\/posts\/6851\/revisions"}],"wp:attachment":[{"href":"https:\/\/elmundodelapolitica.com\/v1\/wp-json\/wp\/v2\/media?parent=6851"}],"wp:term":[{"taxonomy":"category","embeddable":true,"href":"https:\/\/elmundodelapolitica.com\/v1\/wp-json\/wp\/v2\/categories?post=6851"},{"taxonomy":"post_tag","embeddable":true,"href":"https:\/\/elmundodelapolitica.com\/v1\/wp-json\/wp\/v2\/tags?post=6851"}],"curies":[{"name":"wp","href":"https:\/\/api.w.org\/{rel}","templated":true}]}}