{"id":6850,"date":"2025-10-08T03:03:18","date_gmt":"2025-10-08T07:03:18","guid":{"rendered":"https:\/\/elmundodelapolitica.com\/v1\/?p=6850"},"modified":"2025-10-08T03:03:18","modified_gmt":"2025-10-08T07:03:18","slug":"bray-vargas-denuncia-intento-de-extorsion-tras-difusion-de-video-viral","status":"publish","type":"post","link":"https:\/\/elmundodelapolitica.com\/v1\/bray-vargas-denuncia-intento-de-extorsion-tras-difusion-de-video-viral\/","title":{"rendered":"Bray Vargas denuncia intento de extorsi\u00f3n tras difusi\u00f3n de video viral"},"content":{"rendered":"<div>Santo Domingo\u2014 El diputado Brailyn Vargas N\u00fa\u00f1ez rompi\u00f3 el silencio este martes tras la difusi\u00f3n de un video en redes sociales en el que aparece junto a otro joven dentro de una habitaci\u00f3n, situaci\u00f3n que desat\u00f3 una ola de comentarios y cuestionamientos p\u00fablicos. Durante su intervenci\u00f3n en la sesi\u00f3n de la C\u00e1mara de Diputados, el [\u2026]<\/div>\n","protected":false},"excerpt":{"rendered":"<p>Santo Domingo\u2014 El diputado Brailyn Vargas N\u00fa\u00f1ez rompi\u00f3 el silencio este martes tras la difusi\u00f3n de un video en redes sociales en el que aparece junto a otro joven dentro&hellip; <\/p>\n","protected":false},"author":1,"featured_media":0,"comment_status":"closed","ping_status":"closed","sticky":false,"template":"","format":"standard","meta":{"fifu_image_url":"","fifu_image_alt":"","footnotes":""},"categories":[17],"tags":[],"class_list":["post-6850","post","type-post","status-publish","format-standard","hentry","category-politica"],"_links":{"self":[{"href":"https:\/\/elmundodelapolitica.com\/v1\/wp-json\/wp\/v2\/posts\/6850","targetHints":{"allow":["GET"]}}],"collection":[{"href":"https:\/\/elmundodelapolitica.com\/v1\/wp-json\/wp\/v2\/posts"}],"about":[{"href":"https:\/\/elmundodelapolitica.com\/v1\/wp-json\/wp\/v2\/types\/post"}],"author":[{"embeddable":true,"href":"https:\/\/elmundodelapolitica.com\/v1\/wp-json\/wp\/v2\/users\/1"}],"replies":[{"embeddable":true,"href":"https:\/\/elmundodelapolitica.com\/v1\/wp-json\/wp\/v2\/comments?post=6850"}],"version-history":[{"count":0,"href":"https:\/\/elmundodelapolitica.com\/v1\/wp-json\/wp\/v2\/posts\/6850\/revisions"}],"wp:attachment":[{"href":"https:\/\/elmundodelapolitica.com\/v1\/wp-json\/wp\/v2\/media?parent=6850"}],"wp:term":[{"taxonomy":"category","embeddable":true,"href":"https:\/\/elmundodelapolitica.com\/v1\/wp-json\/wp\/v2\/categories?post=6850"},{"taxonomy":"post_tag","embeddable":true,"href":"https:\/\/elmundodelapolitica.com\/v1\/wp-json\/wp\/v2\/tags?post=6850"}],"curies":[{"name":"wp","href":"https:\/\/api.w.org\/{rel}","templated":true}]}}