{"id":6849,"date":"2025-10-08T03:03:18","date_gmt":"2025-10-08T07:03:18","guid":{"rendered":"https:\/\/elmundodelapolitica.com\/v1\/?p=6849"},"modified":"2025-10-08T03:03:18","modified_gmt":"2025-10-08T07:03:18","slug":"presidente-del-senado-valora-trabajo-de-la-comision-que-estudia-codigo-procesal-penal","status":"publish","type":"post","link":"https:\/\/elmundodelapolitica.com\/v1\/presidente-del-senado-valora-trabajo-de-la-comision-que-estudia-codigo-procesal-penal\/","title":{"rendered":"Presidente del Senado valora trabajo de la comisi\u00f3n que estudia C\u00f3digo Procesal Penal"},"content":{"rendered":"<div>Santo Domingo. \u2013 El presidente del Senado, Ricardo de los Santos, particip\u00f3 de los debates de la Comisi\u00f3n de Justicia y Derechos Humanos que conoce las modificaciones al C\u00f3digo Procesal Penal, destacando el trabajo que realiza el equipo que estudia la pieza. De los Santos valor\u00f3 la dedicaci\u00f3n y la entrega de los senadores que [\u2026]<\/div>\n","protected":false},"excerpt":{"rendered":"<p>Santo Domingo. \u2013 El presidente del Senado, Ricardo de los Santos, particip\u00f3 de los debates de la Comisi\u00f3n de Justicia y Derechos Humanos que conoce las modificaciones al C\u00f3digo Procesal&hellip; <\/p>\n","protected":false},"author":1,"featured_media":0,"comment_status":"closed","ping_status":"closed","sticky":false,"template":"","format":"standard","meta":{"fifu_image_url":"","fifu_image_alt":"","footnotes":""},"categories":[17],"tags":[],"class_list":["post-6849","post","type-post","status-publish","format-standard","hentry","category-politica"],"_links":{"self":[{"href":"https:\/\/elmundodelapolitica.com\/v1\/wp-json\/wp\/v2\/posts\/6849","targetHints":{"allow":["GET"]}}],"collection":[{"href":"https:\/\/elmundodelapolitica.com\/v1\/wp-json\/wp\/v2\/posts"}],"about":[{"href":"https:\/\/elmundodelapolitica.com\/v1\/wp-json\/wp\/v2\/types\/post"}],"author":[{"embeddable":true,"href":"https:\/\/elmundodelapolitica.com\/v1\/wp-json\/wp\/v2\/users\/1"}],"replies":[{"embeddable":true,"href":"https:\/\/elmundodelapolitica.com\/v1\/wp-json\/wp\/v2\/comments?post=6849"}],"version-history":[{"count":0,"href":"https:\/\/elmundodelapolitica.com\/v1\/wp-json\/wp\/v2\/posts\/6849\/revisions"}],"wp:attachment":[{"href":"https:\/\/elmundodelapolitica.com\/v1\/wp-json\/wp\/v2\/media?parent=6849"}],"wp:term":[{"taxonomy":"category","embeddable":true,"href":"https:\/\/elmundodelapolitica.com\/v1\/wp-json\/wp\/v2\/categories?post=6849"},{"taxonomy":"post_tag","embeddable":true,"href":"https:\/\/elmundodelapolitica.com\/v1\/wp-json\/wp\/v2\/tags?post=6849"}],"curies":[{"name":"wp","href":"https:\/\/api.w.org\/{rel}","templated":true}]}}