{"id":6842,"date":"2025-10-07T03:01:28","date_gmt":"2025-10-07T07:01:28","guid":{"rendered":"https:\/\/elmundodelapolitica.com\/v1\/?p=6842"},"modified":"2025-10-07T03:01:28","modified_gmt":"2025-10-07T07:01:28","slug":"miguel-camacho-a-la-oposicion-fajense-a-trabajar-y-dejen-de-lado-las-mentiras","status":"publish","type":"post","link":"https:\/\/elmundodelapolitica.com\/v1\/miguel-camacho-a-la-oposicion-fajense-a-trabajar-y-dejen-de-lado-las-mentiras\/","title":{"rendered":"Miguel Camacho a la oposici\u00f3n: \u00abF\u00e1jense a trabajar y dejen de lado las mentiras\u00bb"},"content":{"rendered":"<div>Santo Domingo. \u2013 Miguel Camacho, presidente del movimiento Avanzada Democr\u00e1tica Moderna, arremeti\u00f3 este lunes contra los partidos de oposici\u00f3n, a quienes acus\u00f3 de manipular datos sobre apagones y servicios b\u00e1sicos para desinformar a la poblaci\u00f3n. \u201cLa oposici\u00f3n anda con una campa\u00f1a basada en mentiras. Inventan cifras, exageran situaciones y pretenden confundir al pueblo dominicano. Las [\u2026]<\/div>\n","protected":false},"excerpt":{"rendered":"<p>Santo Domingo. \u2013 Miguel Camacho, presidente del movimiento Avanzada Democr\u00e1tica Moderna, arremeti\u00f3 este lunes contra los partidos de oposici\u00f3n, a quienes acus\u00f3 de manipular datos sobre apagones y servicios b\u00e1sicos&hellip; <\/p>\n","protected":false},"author":1,"featured_media":0,"comment_status":"closed","ping_status":"closed","sticky":false,"template":"","format":"standard","meta":{"fifu_image_url":"","fifu_image_alt":"","footnotes":""},"categories":[17],"tags":[],"class_list":["post-6842","post","type-post","status-publish","format-standard","hentry","category-politica"],"_links":{"self":[{"href":"https:\/\/elmundodelapolitica.com\/v1\/wp-json\/wp\/v2\/posts\/6842","targetHints":{"allow":["GET"]}}],"collection":[{"href":"https:\/\/elmundodelapolitica.com\/v1\/wp-json\/wp\/v2\/posts"}],"about":[{"href":"https:\/\/elmundodelapolitica.com\/v1\/wp-json\/wp\/v2\/types\/post"}],"author":[{"embeddable":true,"href":"https:\/\/elmundodelapolitica.com\/v1\/wp-json\/wp\/v2\/users\/1"}],"replies":[{"embeddable":true,"href":"https:\/\/elmundodelapolitica.com\/v1\/wp-json\/wp\/v2\/comments?post=6842"}],"version-history":[{"count":0,"href":"https:\/\/elmundodelapolitica.com\/v1\/wp-json\/wp\/v2\/posts\/6842\/revisions"}],"wp:attachment":[{"href":"https:\/\/elmundodelapolitica.com\/v1\/wp-json\/wp\/v2\/media?parent=6842"}],"wp:term":[{"taxonomy":"category","embeddable":true,"href":"https:\/\/elmundodelapolitica.com\/v1\/wp-json\/wp\/v2\/categories?post=6842"},{"taxonomy":"post_tag","embeddable":true,"href":"https:\/\/elmundodelapolitica.com\/v1\/wp-json\/wp\/v2\/tags?post=6842"}],"curies":[{"name":"wp","href":"https:\/\/api.w.org\/{rel}","templated":true}]}}