{"id":6841,"date":"2025-10-07T03:01:28","date_gmt":"2025-10-07T07:01:28","guid":{"rendered":"https:\/\/elmundodelapolitica.com\/v1\/?p=6841"},"modified":"2025-10-07T03:01:28","modified_gmt":"2025-10-07T07:01:28","slug":"diputado-ramon-raposo-se-queja-de-apagones-y-delincuencia-en-sdn","status":"publish","type":"post","link":"https:\/\/elmundodelapolitica.com\/v1\/diputado-ramon-raposo-se-queja-de-apagones-y-delincuencia-en-sdn\/","title":{"rendered":"Diputado Ram\u00f3n Raposo se queja de apagones y delincuencia en SDN"},"content":{"rendered":"<div>Santo Domingo, RD. \u2013 El diputado nacional Ram\u00f3n Raposo sostuvo este domingo que los apagones y la delincuencia tienen a los mun\u00edcipes de Santo Domingo Norte con el grito al cielo. El congresista manifest\u00f3 que en sus recorridos por los sectores Guaricano, Sabana Perdida, El Hig\u00fcero y La Victoria, recibe las quejas de presidentes de [\u2026]<\/div>\n","protected":false},"excerpt":{"rendered":"<p>Santo Domingo, RD. \u2013 El diputado nacional Ram\u00f3n Raposo sostuvo este domingo que los apagones y la delincuencia tienen a los mun\u00edcipes de Santo Domingo Norte con el grito al&hellip; <\/p>\n","protected":false},"author":1,"featured_media":0,"comment_status":"closed","ping_status":"closed","sticky":false,"template":"","format":"standard","meta":{"fifu_image_url":"","fifu_image_alt":"","footnotes":""},"categories":[17],"tags":[],"class_list":["post-6841","post","type-post","status-publish","format-standard","hentry","category-politica"],"_links":{"self":[{"href":"https:\/\/elmundodelapolitica.com\/v1\/wp-json\/wp\/v2\/posts\/6841","targetHints":{"allow":["GET"]}}],"collection":[{"href":"https:\/\/elmundodelapolitica.com\/v1\/wp-json\/wp\/v2\/posts"}],"about":[{"href":"https:\/\/elmundodelapolitica.com\/v1\/wp-json\/wp\/v2\/types\/post"}],"author":[{"embeddable":true,"href":"https:\/\/elmundodelapolitica.com\/v1\/wp-json\/wp\/v2\/users\/1"}],"replies":[{"embeddable":true,"href":"https:\/\/elmundodelapolitica.com\/v1\/wp-json\/wp\/v2\/comments?post=6841"}],"version-history":[{"count":0,"href":"https:\/\/elmundodelapolitica.com\/v1\/wp-json\/wp\/v2\/posts\/6841\/revisions"}],"wp:attachment":[{"href":"https:\/\/elmundodelapolitica.com\/v1\/wp-json\/wp\/v2\/media?parent=6841"}],"wp:term":[{"taxonomy":"category","embeddable":true,"href":"https:\/\/elmundodelapolitica.com\/v1\/wp-json\/wp\/v2\/categories?post=6841"},{"taxonomy":"post_tag","embeddable":true,"href":"https:\/\/elmundodelapolitica.com\/v1\/wp-json\/wp\/v2\/tags?post=6841"}],"curies":[{"name":"wp","href":"https:\/\/api.w.org\/{rel}","templated":true}]}}