{"id":6795,"date":"2025-10-03T10:57:37","date_gmt":"2025-10-03T14:57:37","guid":{"rendered":"https:\/\/elmundodelapolitica.com\/v1\/?p=6795"},"modified":"2025-10-03T10:58:26","modified_gmt":"2025-10-03T14:58:26","slug":"leonel-afirma-gobierno-no-tiene-capacidad-para-manejar-los-destinos-de-rd-juramenta-decenas-de-nuevos-fuercistas-en-boston","status":"publish","type":"post","link":"https:\/\/elmundodelapolitica.com\/v1\/leonel-afirma-gobierno-no-tiene-capacidad-para-manejar-los-destinos-de-rd-juramenta-decenas-de-nuevos-fuercistas-en-boston\/","title":{"rendered":"Leonel  afirma Gobierno no tiene capacidad para manejar los destinos de RD; juramenta decenas de nuevos fuercistas en Boston"},"content":{"rendered":"\n<p><strong>ESTADOS UNIDOS.<\/strong>-El expresidente Leonel Fern\u00e1ndez encabez\u00f3 en Boston, un gran acto de juramentaci\u00f3n de decenas de nuevos integrantes de la Fuerza del Pueblo (FP), entre ellos, comerciantes, l\u00edderes comunitarios y exmiembros del PLD, y PRM.<\/p>\n\n\n\n<p>Durante su discurso, el expresidente critic\u00f3 al gobierno en \u00e1reas como educaci\u00f3n, salud, y en el reciente esc\u00e1ndalo del SENASA, alegando que eso demuestra la incapacidad del gobierno para manejar los destinos del pa\u00eds.<\/p>\n\n\n\n<p>En la actividad estuvieron Dominico Cabral, presidente de la seccional Regional de Boston, Ludovino Herrera Cabral presidente de la Fuerza del Pueblo en ciudad de Boston y miembro de la direcci\u00f3n central, as\u00ed como otros dirigentes.<\/p>\n\n\n\n<p>Fernandez destac\u00f3 el potencial econ\u00f3mico de la comunidad dominicana en el exterior, que aporta m\u00e1s de 12 mil millones de d\u00f3lares en remesas al a\u00f1o.<\/p>\n\n\n\n<p>Tambi\u00e9n resalt\u00f3 su proyecto RD 2044, con 1,800 iniciativas de desarrollo en todo el pa\u00eds, y prometi\u00f3 crear el ministerio del dominicano en el exterior.<\/p>\n","protected":false},"excerpt":{"rendered":"<p>ESTADOS UNIDOS.-El expresidente Leonel Fern\u00e1ndez encabez\u00f3 en Boston, un gran acto de juramentaci\u00f3n de decenas de nuevos integrantes de la Fuerza del Pueblo (FP), entre ellos, comerciantes, l\u00edderes comunitarios y&hellip; <\/p>\n","protected":false},"author":1,"featured_media":6798,"comment_status":"closed","ping_status":"closed","sticky":false,"template":"","format":"standard","meta":{"fifu_image_url":"https:\/\/proceso.com.do\/wp-content\/uploads\/2025\/10\/leonel-en-boston-650x400.webp","fifu_image_alt":"","footnotes":""},"categories":[12],"tags":[],"class_list":["post-6795","post","type-post","status-publish","format-standard","has-post-thumbnail","hentry","category-agenda-politica"],"_links":{"self":[{"href":"https:\/\/elmundodelapolitica.com\/v1\/wp-json\/wp\/v2\/posts\/6795","targetHints":{"allow":["GET"]}}],"collection":[{"href":"https:\/\/elmundodelapolitica.com\/v1\/wp-json\/wp\/v2\/posts"}],"about":[{"href":"https:\/\/elmundodelapolitica.com\/v1\/wp-json\/wp\/v2\/types\/post"}],"author":[{"embeddable":true,"href":"https:\/\/elmundodelapolitica.com\/v1\/wp-json\/wp\/v2\/users\/1"}],"replies":[{"embeddable":true,"href":"https:\/\/elmundodelapolitica.com\/v1\/wp-json\/wp\/v2\/comments?post=6795"}],"version-history":[{"count":1,"href":"https:\/\/elmundodelapolitica.com\/v1\/wp-json\/wp\/v2\/posts\/6795\/revisions"}],"predecessor-version":[{"id":6797,"href":"https:\/\/elmundodelapolitica.com\/v1\/wp-json\/wp\/v2\/posts\/6795\/revisions\/6797"}],"wp:featuredmedia":[{"embeddable":true,"href":"https:\/\/elmundodelapolitica.com\/v1\/wp-json\/wp\/v2\/media\/6798"}],"wp:attachment":[{"href":"https:\/\/elmundodelapolitica.com\/v1\/wp-json\/wp\/v2\/media?parent=6795"}],"wp:term":[{"taxonomy":"category","embeddable":true,"href":"https:\/\/elmundodelapolitica.com\/v1\/wp-json\/wp\/v2\/categories?post=6795"},{"taxonomy":"post_tag","embeddable":true,"href":"https:\/\/elmundodelapolitica.com\/v1\/wp-json\/wp\/v2\/tags?post=6795"}],"curies":[{"name":"wp","href":"https:\/\/api.w.org\/{rel}","templated":true}]}}