{"id":6791,"date":"2025-10-03T11:09:25","date_gmt":"2025-10-03T15:09:25","guid":{"rendered":"https:\/\/elmundodelapolitica.com\/v1\/?p=6791"},"modified":"2025-10-03T11:10:20","modified_gmt":"2025-10-03T15:10:20","slug":"demostenes-martinez-exige-al-gobierno-explicaciones-por-incremento-desproporcionado-en-obra-del-arroyo-gurabo","status":"publish","type":"post","link":"https:\/\/elmundodelapolitica.com\/v1\/demostenes-martinez-exige-al-gobierno-explicaciones-por-incremento-desproporcionado-en-obra-del-arroyo-gurabo\/","title":{"rendered":"<div>Dem\u00f3stenes Mart\u00ednez exige al Gobierno explicaciones por incremento \"desproporcionado\" en obra del arroyo Gurabo<\/div>"},"content":{"rendered":"\n<p>Rep\u00fablica Dominicana.\u2013El dirigente pol\u00edtico, exdiputado, abogado y periodista, Dem\u00f3stenes Mart\u00ednez, demand\u00f3 al Gobierno central y al Instituto Nacional de Aguas Potables y Alcantarillado (INAPA) ofrecer explicaciones claras sobre el desproporcionado aumento en el costo de la obra de saneamiento del arroyo Gurabo, en Santiago.<\/p>\n\n\n\n<p>Record\u00f3 que el proyecto fue anunciado el 26 de noviembre de 2022 con un presupuesto original de RD$1,500 millones y la promesa de concluirlo a finales del 2023. Sin embargo, a octubre de 2025, con apenas un 78% de ejecuci\u00f3n, se han invertido ya RD$3,265 millones y las proyecciones estiman que el gasto final rondar\u00e1 los RD$4,186 millones, es decir, un incremento de 180% sobre lo presupuestado inicialmente.<\/p>\n\n\n\n<p>\u201cEstamos ante una obra que, de acuerdo con el calendario oficial, debi\u00f3 estar terminada hace casi dos a\u00f1os. Hoy, con tres inauguraciones parciales, no se ha concluido y el gasto sigue dispar\u00e1ndose muy por encima de lo que se le dijo a la ciudadan\u00eda\u201d, advirti\u00f3 Mart\u00ednez.<\/p>\n\n\n\n<p>El miembro de la Direcci\u00f3n Pol\u00edtica de la Fuerza del Pueblo subray\u00f3 que el saneamiento del arroyo Gurabo, con una extensi\u00f3n de 3.6 kil\u00f3metros de los cuales ya se han intervenido 2.8, tiene un impacto positivo innegable en la calidad de vida de las familias reubicadas y en la protecci\u00f3n del medioambiente de la zona. No obstante, insisti\u00f3 en que la utilidad social de la obra no debe justificar la falta de transparencia en la administraci\u00f3n de los recursos p\u00fablicos.<\/p>\n\n\n\n<p>\u201cValoramos que las familias que viv\u00edan en condiciones de vulnerabilidad en las riberas del arroyo y la ca\u00f1ada hayan sido reubicadas dignamente, pero eso no puede ocultar la pregunta de fondo: \u00bfpor qu\u00e9 una obra que costar\u00eda 1,500 millones terminar\u00e1 costando casi el triple? El pueblo merece una respuesta seria y documentada\u201d, sostuvo.<\/p>\n\n\n\n<p>Mart\u00ednez record\u00f3 que el Gobierno ha afirmado reiteradamente que el dinero rinde m\u00e1s que en gestiones anteriores, pero puntualiz\u00f3 que este y otros proyectos contradicen ese discurso. \u201cCuando una obra proyectada para 1,500 millones termina en m\u00e1s de 4,000 millones, el mensaje que se transmite es todo lo contrario: hay ineficiencia, improvisaci\u00f3n o falta de transparencia\u201d, expres\u00f3.<\/p>\n\n\n\n<p>Finalmente, reiter\u00f3 su llamado a que INAPA y las autoridades competentes rindan cuentas p\u00fablicas detalladas sobre las razones t\u00e9cnicas, financieras y administrativas que han llevado a este aumento desproporcionado, \u201cporque cada peso gastado de m\u00e1s sale del bolsillo de la gente y compromete la credibilidad del Gobierno\u201d.<\/p>\n","protected":false},"excerpt":{"rendered":"<p>Rep\u00fablica Dominicana.\u2013El dirigente pol\u00edtico, exdiputado, abogado y periodista, Dem\u00f3stenes Mart\u00ednez, demand\u00f3 al Gobierno central y al Instituto Nacional de Aguas Potables y Alcantarillado (INAPA) ofrecer explicaciones claras sobre el desproporcionado&hellip; <\/p>\n","protected":false},"author":1,"featured_media":6802,"comment_status":"closed","ping_status":"closed","sticky":false,"template":"","format":"standard","meta":{"fifu_image_url":"https:\/\/proceso.com.do\/wp-content\/uploads\/2025\/09\/IMG-20250930-WA0002-650x400.webp","fifu_image_alt":"","footnotes":""},"categories":[12],"tags":[],"class_list":["post-6791","post","type-post","status-publish","format-standard","has-post-thumbnail","hentry","category-agenda-politica"],"_links":{"self":[{"href":"https:\/\/elmundodelapolitica.com\/v1\/wp-json\/wp\/v2\/posts\/6791","targetHints":{"allow":["GET"]}}],"collection":[{"href":"https:\/\/elmundodelapolitica.com\/v1\/wp-json\/wp\/v2\/posts"}],"about":[{"href":"https:\/\/elmundodelapolitica.com\/v1\/wp-json\/wp\/v2\/types\/post"}],"author":[{"embeddable":true,"href":"https:\/\/elmundodelapolitica.com\/v1\/wp-json\/wp\/v2\/users\/1"}],"replies":[{"embeddable":true,"href":"https:\/\/elmundodelapolitica.com\/v1\/wp-json\/wp\/v2\/comments?post=6791"}],"version-history":[{"count":1,"href":"https:\/\/elmundodelapolitica.com\/v1\/wp-json\/wp\/v2\/posts\/6791\/revisions"}],"predecessor-version":[{"id":6801,"href":"https:\/\/elmundodelapolitica.com\/v1\/wp-json\/wp\/v2\/posts\/6791\/revisions\/6801"}],"wp:featuredmedia":[{"embeddable":true,"href":"https:\/\/elmundodelapolitica.com\/v1\/wp-json\/wp\/v2\/media\/6802"}],"wp:attachment":[{"href":"https:\/\/elmundodelapolitica.com\/v1\/wp-json\/wp\/v2\/media?parent=6791"}],"wp:term":[{"taxonomy":"category","embeddable":true,"href":"https:\/\/elmundodelapolitica.com\/v1\/wp-json\/wp\/v2\/categories?post=6791"},{"taxonomy":"post_tag","embeddable":true,"href":"https:\/\/elmundodelapolitica.com\/v1\/wp-json\/wp\/v2\/tags?post=6791"}],"curies":[{"name":"wp","href":"https:\/\/api.w.org\/{rel}","templated":true}]}}