{"id":6784,"date":"2025-10-03T10:23:47","date_gmt":"2025-10-03T14:23:47","guid":{"rendered":"https:\/\/elmundodelapolitica.com\/v1\/?p=6784"},"modified":"2025-10-03T16:09:44","modified_gmt":"2025-10-03T20:09:44","slug":"joven-politico-impulsa-formacion-cultural-para-rescatar-la-historia-dominicana","status":"publish","type":"post","link":"https:\/\/elmundodelapolitica.com\/v1\/joven-politico-impulsa-formacion-cultural-para-rescatar-la-historia-dominicana\/","title":{"rendered":"Joven pol\u00edtico impulsa formaci\u00f3n cultural para rescatar la historia dominicana"},"content":{"rendered":"\n<p><strong>Santo Domingo.\u2013 Abraham Almonte S\u00e1nchez<\/strong>, joven pol\u00edtico de 24 a\u00f1os, impulsa a la juventud con un proyecto audiovisual que busca rescatar y difundir la historia dominicana, enfoc\u00e1ndose en lo pol\u00edtico y social como ejes para la formaci\u00f3n ciudadana y el pensamiento cr\u00edtico.<\/p>\n\n\n\n<p>La iniciativa contempla la producci\u00f3n de 85 documentales, biograf\u00edas de los principales personajes hist\u00f3ricos y varias pel\u00edculas inspiradas en acontecimientos que marcaron la construcci\u00f3n de la naci\u00f3n.<\/p>\n\n\n\n<p>Adem\u00e1s, Almonte anunci\u00f3 el inicio de un proyecto de formaci\u00f3n cultural, destinado a ense\u00f1ar historia y pol\u00edtica de manera pr\u00e1ctica, mediante talleres, cursos y actividades que acerquen a los ciudadanos, especialmente a los j\u00f3venes, al conocimiento de su herencia hist\u00f3rica y cultural.<\/p>\n\n\n\n<p>El material audiovisual producido estar\u00e1 disponible en la plataforma de YouTube \u201cAbraham Almonte RD\u201d, facilitando el acceso del p\u00fablico general y de las nuevas generaciones interesadas en aprender sobre la historia y la pol\u00edtica dominicana de manera did\u00e1ctica y entretenida.<\/p>\n\n\n\n<p>M\u00e1s que un proyecto cultural, Almonte explic\u00f3 que busca que este esfuerzo se transforme en una plataforma de educaci\u00f3n pol\u00edtica, con el objetivo de que los dominicanos comprendan c\u00f3mo las decisiones y acciones de sus l\u00edderes han influido en el rumbo del pa\u00eds.<\/p>\n\n\n\n<p>Durante la presentaci\u00f3n, Almonte se\u00f1al\u00f3 que el proyecto pretende ense\u00f1ar historia con \u00e9nfasis en la pol\u00edtica y fomentar el pensamiento cr\u00edtico de los ciudadanos. Cada pieza audiovisual estar\u00e1 dise\u00f1ada para generar reflexi\u00f3n sobre los procesos de poder, la evoluci\u00f3n de las instituciones y la configuraci\u00f3n de los escenarios sociales y pol\u00edticos dominicanos.<\/p>\n\n\n\n<p>\u201cQueremos acercar la pol\u00edtica a la gente mediante un lenguaje accesible y atractivo, utilizando los recursos audiovisuales como herramientas pedag\u00f3gicas que puedan llegar a las nuevas generaciones. La historia contada a trav\u00e9s de documentales tiene un impacto m\u00e1s profundo que los textos acad\u00e9micos, ya que facilita la comprensi\u00f3n de los hechos y despierta el inter\u00e9s por el debate democr\u00e1tico\u201d, destac\u00f3 el dirigente.<\/p>\n\n\n\n<p>Almonte asegur\u00f3 que cada documental y contar\u00e1 con total credibilidad, sustentada en cr\u00f3nicas hist\u00f3ricas de la \u00e9poca y en investigaciones de reconocidos historiadores. Entre las fuentes citadas se incluyen Brev\u00edsima relaci\u00f3n de la destrucci\u00f3n de las Indias, de Fray Bartolom\u00e9 de las Casas, y Historia general y natural de las Indias, de Gonzalo Fern\u00e1ndez de Oviedo, as\u00ed como estudios acad\u00e9micos de expertos como Esteban Mira Caballos, G. F. P\u00e9rez, Frank Moya Pons y Enriqueta Vila Vilar.<\/p>\n\n\n\n<p>Con esta propuesta, Abraham Almonte apuesta a crear un puente entre la memoria hist\u00f3rica, la cultura y la realidad pol\u00edtica actual, convencido de que conocer el pasado desde una perspectiva cr\u00edtica permitir\u00e1 a los dominicanos enfrentar con mayor conciencia los desaf\u00edos presentes y futuros.<\/p>\n","protected":false},"excerpt":{"rendered":"<p>Santo Domingo.\u2013 Abraham Almonte S\u00e1nchez, joven pol\u00edtico de 24 a\u00f1os, impulsa a la juventud con un proyecto audiovisual que busca rescatar y difundir la historia dominicana, enfoc\u00e1ndose en lo pol\u00edtico&hellip; <\/p>\n","protected":false},"author":1,"featured_media":6810,"comment_status":"closed","ping_status":"closed","sticky":false,"template":"","format":"standard","meta":{"fifu_image_url":"https:\/\/i0.wp.com\/rnn.com.do\/wp-content\/uploads\/2025\/09\/image-239.png?resize=696%2C348&ssl=1","fifu_image_alt":"","footnotes":""},"categories":[10],"tags":[],"class_list":["post-6784","post","type-post","status-publish","format-standard","has-post-thumbnail","hentry","category-marketing-politico"],"_links":{"self":[{"href":"https:\/\/elmundodelapolitica.com\/v1\/wp-json\/wp\/v2\/posts\/6784","targetHints":{"allow":["GET"]}}],"collection":[{"href":"https:\/\/elmundodelapolitica.com\/v1\/wp-json\/wp\/v2\/posts"}],"about":[{"href":"https:\/\/elmundodelapolitica.com\/v1\/wp-json\/wp\/v2\/types\/post"}],"author":[{"embeddable":true,"href":"https:\/\/elmundodelapolitica.com\/v1\/wp-json\/wp\/v2\/users\/1"}],"replies":[{"embeddable":true,"href":"https:\/\/elmundodelapolitica.com\/v1\/wp-json\/wp\/v2\/comments?post=6784"}],"version-history":[{"count":1,"href":"https:\/\/elmundodelapolitica.com\/v1\/wp-json\/wp\/v2\/posts\/6784\/revisions"}],"predecessor-version":[{"id":6809,"href":"https:\/\/elmundodelapolitica.com\/v1\/wp-json\/wp\/v2\/posts\/6784\/revisions\/6809"}],"wp:featuredmedia":[{"embeddable":true,"href":"https:\/\/elmundodelapolitica.com\/v1\/wp-json\/wp\/v2\/media\/6810"}],"wp:attachment":[{"href":"https:\/\/elmundodelapolitica.com\/v1\/wp-json\/wp\/v2\/media?parent=6784"}],"wp:term":[{"taxonomy":"category","embeddable":true,"href":"https:\/\/elmundodelapolitica.com\/v1\/wp-json\/wp\/v2\/categories?post=6784"},{"taxonomy":"post_tag","embeddable":true,"href":"https:\/\/elmundodelapolitica.com\/v1\/wp-json\/wp\/v2\/tags?post=6784"}],"curies":[{"name":"wp","href":"https:\/\/api.w.org\/{rel}","templated":true}]}}