{"id":6783,"date":"2025-10-03T10:23:46","date_gmt":"2025-10-03T14:23:46","guid":{"rendered":"https:\/\/elmundodelapolitica.com\/v1\/?p=6783"},"modified":"2025-10-03T10:23:46","modified_gmt":"2025-10-03T14:23:46","slug":"senado-aprueba-en-primera-lectura-y-a-unanimidad-reforma-al-codigo-laboral-con-la-cesantia","status":"publish","type":"post","link":"https:\/\/elmundodelapolitica.com\/v1\/senado-aprueba-en-primera-lectura-y-a-unanimidad-reforma-al-codigo-laboral-con-la-cesantia\/","title":{"rendered":"Senado aprueba en primera lectura y a unanimidad reforma al C\u00f3digo Laboral con la cesant\u00eda"},"content":{"rendered":"<div>Santo Domingo. -El Senado de la Rep\u00fablica aprob\u00f3 en primera lectura el proyecto de ley org\u00e1nica que modifica a la Ley1 6-92, que aprueba el C\u00f3digo de Trabajo, normativa que tiene la finalidad de adaptar el marco legal al mercado laboral actual y los avances de la tecnolog\u00eda a las necesidades de trabajadores y empleadores. [\u2026]<\/div>\n","protected":false},"excerpt":{"rendered":"<p>Santo Domingo. -El Senado de la Rep\u00fablica aprob\u00f3 en primera lectura el proyecto de ley org\u00e1nica que modifica a la Ley1 6-92, que aprueba el C\u00f3digo de Trabajo, normativa que&hellip; <\/p>\n","protected":false},"author":1,"featured_media":0,"comment_status":"closed","ping_status":"closed","sticky":false,"template":"","format":"standard","meta":{"fifu_image_url":"","fifu_image_alt":"","footnotes":""},"categories":[17],"tags":[],"class_list":["post-6783","post","type-post","status-publish","format-standard","hentry","category-politica"],"_links":{"self":[{"href":"https:\/\/elmundodelapolitica.com\/v1\/wp-json\/wp\/v2\/posts\/6783","targetHints":{"allow":["GET"]}}],"collection":[{"href":"https:\/\/elmundodelapolitica.com\/v1\/wp-json\/wp\/v2\/posts"}],"about":[{"href":"https:\/\/elmundodelapolitica.com\/v1\/wp-json\/wp\/v2\/types\/post"}],"author":[{"embeddable":true,"href":"https:\/\/elmundodelapolitica.com\/v1\/wp-json\/wp\/v2\/users\/1"}],"replies":[{"embeddable":true,"href":"https:\/\/elmundodelapolitica.com\/v1\/wp-json\/wp\/v2\/comments?post=6783"}],"version-history":[{"count":0,"href":"https:\/\/elmundodelapolitica.com\/v1\/wp-json\/wp\/v2\/posts\/6783\/revisions"}],"wp:attachment":[{"href":"https:\/\/elmundodelapolitica.com\/v1\/wp-json\/wp\/v2\/media?parent=6783"}],"wp:term":[{"taxonomy":"category","embeddable":true,"href":"https:\/\/elmundodelapolitica.com\/v1\/wp-json\/wp\/v2\/categories?post=6783"},{"taxonomy":"post_tag","embeddable":true,"href":"https:\/\/elmundodelapolitica.com\/v1\/wp-json\/wp\/v2\/tags?post=6783"}],"curies":[{"name":"wp","href":"https:\/\/api.w.org\/{rel}","templated":true}]}}