{"id":6782,"date":"2025-10-03T10:23:46","date_gmt":"2025-10-03T14:23:46","guid":{"rendered":"https:\/\/elmundodelapolitica.com\/v1\/?p=6782"},"modified":"2025-10-03T16:09:43","modified_gmt":"2025-10-03T20:09:43","slug":"soraya-suarez-denuncia-intento-de-prohibir-oracion-y-lectura-biblica-en-reforma-laboral","status":"publish","type":"post","link":"https:\/\/elmundodelapolitica.com\/v1\/soraya-suarez-denuncia-intento-de-prohibir-oracion-y-lectura-biblica-en-reforma-laboral\/","title":{"rendered":"Soraya Su\u00e1rez denuncia intento de prohibir oraci\u00f3n y lectura b\u00edblica en reforma laboral"},"content":{"rendered":"\n<p>La diputada Soraya Su\u00e1rez denunci\u00f3 que, en el marco de los debates sobre la\u00a0<strong>Reforma Laboral<\/strong>, los senadores\u00a0<strong>Rafael Bar\u00f3n Duluc Rijo<\/strong>, m\u00e1s conocido como \u201c<strong>Cholit\u00edn<\/strong>\u201d y\u00a0<strong>Pedro Catrain<\/strong>, habr\u00edan propuesto prohibir pr\u00e1cticas como la oraci\u00f3n o la lectura de la Biblia durante la jornada laboral.<\/p>\n\n\n\n<p>La legisladora expres\u00f3 su preocupaci\u00f3n ante lo que considera, en otras palabras, un intento de limitar expresiones de fe en el entorno laboral.<\/p>\n\n\n\n<p>\u201cYo espero que si eso es as\u00ed, o si lo mantienen as\u00ed, porque me dicen que si, que tambi\u00e9n le han incluido la ideolog\u00eda de g\u00e9nero, que qu\u00e9 tiene que ver una cosa con otra, saben que cuando lleguen a la C\u00e1mara de Diputados se van a encontrar con pared\u00bb, afirm\u00f3.<\/p>\n\n\n\n<p>Su\u00e1rez asegur\u00f3 al participar de una entrevista en el programa&nbsp;<em>\u00abDespu\u00e9s la Noticia\u00bb<\/em>, transmitido por RNN Canal 27, que eso no pasar\u00e1 de una mera propuesta, porque no van a permitir que lo mismo se materialice.<\/p>\n","protected":false},"excerpt":{"rendered":"<p>La diputada Soraya Su\u00e1rez denunci\u00f3 que, en el marco de los debates sobre la\u00a0Reforma Laboral, los senadores\u00a0Rafael Bar\u00f3n Duluc Rijo, m\u00e1s conocido como \u201cCholit\u00edn\u201d y\u00a0Pedro Catrain, habr\u00edan propuesto prohibir pr\u00e1cticas&hellip; <\/p>\n","protected":false},"author":1,"featured_media":6814,"comment_status":"closed","ping_status":"closed","sticky":false,"template":"","format":"standard","meta":{"fifu_image_url":"https:\/\/robertocavada.com\/wp-content\/uploads\/2024\/08\/Soraya-Suarez.jpg","fifu_image_alt":"","footnotes":""},"categories":[17],"tags":[],"class_list":["post-6782","post","type-post","status-publish","format-standard","has-post-thumbnail","hentry","category-politica"],"_links":{"self":[{"href":"https:\/\/elmundodelapolitica.com\/v1\/wp-json\/wp\/v2\/posts\/6782","targetHints":{"allow":["GET"]}}],"collection":[{"href":"https:\/\/elmundodelapolitica.com\/v1\/wp-json\/wp\/v2\/posts"}],"about":[{"href":"https:\/\/elmundodelapolitica.com\/v1\/wp-json\/wp\/v2\/types\/post"}],"author":[{"embeddable":true,"href":"https:\/\/elmundodelapolitica.com\/v1\/wp-json\/wp\/v2\/users\/1"}],"replies":[{"embeddable":true,"href":"https:\/\/elmundodelapolitica.com\/v1\/wp-json\/wp\/v2\/comments?post=6782"}],"version-history":[{"count":2,"href":"https:\/\/elmundodelapolitica.com\/v1\/wp-json\/wp\/v2\/posts\/6782\/revisions"}],"predecessor-version":[{"id":6813,"href":"https:\/\/elmundodelapolitica.com\/v1\/wp-json\/wp\/v2\/posts\/6782\/revisions\/6813"}],"wp:featuredmedia":[{"embeddable":true,"href":"https:\/\/elmundodelapolitica.com\/v1\/wp-json\/wp\/v2\/media\/6814"}],"wp:attachment":[{"href":"https:\/\/elmundodelapolitica.com\/v1\/wp-json\/wp\/v2\/media?parent=6782"}],"wp:term":[{"taxonomy":"category","embeddable":true,"href":"https:\/\/elmundodelapolitica.com\/v1\/wp-json\/wp\/v2\/categories?post=6782"},{"taxonomy":"post_tag","embeddable":true,"href":"https:\/\/elmundodelapolitica.com\/v1\/wp-json\/wp\/v2\/tags?post=6782"}],"curies":[{"name":"wp","href":"https:\/\/api.w.org\/{rel}","templated":true}]}}