{"id":6770,"date":"2025-09-28T16:32:28","date_gmt":"2025-09-28T20:32:28","guid":{"rendered":"https:\/\/elmundodelapolitica.com\/v1\/?p=6770"},"modified":"2025-09-28T16:32:30","modified_gmt":"2025-09-28T20:32:30","slug":"unesco-y-republica-dominicana-entregan-el-premio-unesco-juan-bosch","status":"publish","type":"post","link":"https:\/\/elmundodelapolitica.com\/v1\/unesco-y-republica-dominicana-entregan-el-premio-unesco-juan-bosch\/","title":{"rendered":"UNESCO y Rep\u00fablica Dominicana entregan el Premio UNESCO\/Juan Bosch"},"content":{"rendered":"\n<p><em>En su quinta edici\u00f3n, el galard\u00f3n fue otorgado a la investigadora mexicana Romina Quezada Morales.<\/em><\/p>\n\n\n\n<p><strong>Santo Domingo de Guzm\u00e1n, Rep\u00fablica Dominicana.-<\/strong>&nbsp;La Organizaci\u00f3n de las Naciones Unidas para la Educaci\u00f3n, la Ciencia y la Cultura (UNESCO), en colaboraci\u00f3n con el Ministerio de Relaciones Exteriores, la Delegaci\u00f3n Permanente de la Rep\u00fablica Dominicana ante la UNESCO y la Fundaci\u00f3n Juan Bosch, entreg\u00f3 la quinta edici\u00f3n del Premio UNESCO\/Juan Bosch para la Promoci\u00f3n de la Investigaci\u00f3n en Ciencias Sociales en Am\u00e9rica Latina y el Caribe a la doctora Romina Quezada Morales, por su investigaci\u00f3n \u201cParticipaci\u00f3n ind\u00edgena en la educaci\u00f3n global y el narrador ind\u00edgena en Bolivia\u201d.<\/p>\n\n\n\n<p>Las palabras de bienvenida al acto de premiaci\u00f3n estuvieron a cargo del embajador y rector del Instituto de Educaci\u00f3n Superior en Formaci\u00f3n Diplom\u00e1tica y Consular (INESDYC), Jos\u00e9 Espaillat. Posteriormente, la embajadora dominicana ante la UNESCO, Larissa Veloz Santana, resalt\u00f3 que el Premio UNESCO\/Juan Bosch trasciende el reconocimiento acad\u00e9mico, al servir de plataforma para visibilizar el pensamiento cr\u00edtico y motivar a la juventud a enfrentar los grandes retos sociales de la regi\u00f3n. Subray\u00f3 que este galard\u00f3n refleja el liderazgo de la Rep\u00fablica Dominicana y contribuye a fortalecer las pol\u00edticas p\u00fablicas en beneficio del desarrollo social.<\/p>\n\n\n\n<p>De su lado, la directora de la Oficina Regional de la UNESCO en La Habana y representante de la Organizaci\u00f3n en la Rep\u00fablica Dominicana, Anne Lemaistre, anunci\u00f3 que las pr\u00f3ximas postulaciones del galard\u00f3n ser\u00e1n abiertas a finales de este a\u00f1o y agradeci\u00f3 a la Rep\u00fablica Dominicana por la organizaci\u00f3n de un evento que enriquece la participaci\u00f3n democr\u00e1tica y fortalece la educaci\u00f3n en la regi\u00f3n.<\/p>\n\n\n\n<p>La galardonada Romina Quezada Morales, de nacionalidad mexicana, posee una licenciatura en ense\u00f1anza de ingl\u00e9s, maestr\u00edas en traducci\u00f3n especializada, un doctorado en educaci\u00f3n internacional y comparada, as\u00ed como una especialidad en ciencias pol\u00edticas. Su investigaci\u00f3n constituye una valiosa contribuci\u00f3n para mejorar las pol\u00edticas de desarrollo social en Am\u00e9rica Latina y el Caribe.<\/p>\n\n\n\n<p>Tras recibir el galard\u00f3n, expres\u00f3 su agradecimiento al Gobierno dominicano por la distinci\u00f3n y por fomentar el fortalecimiento de la labor acad\u00e9mica en las ciencias sociales en la regi\u00f3n. \u201cEl hecho de que este pa\u00eds del Caribe lleve a cabo esta iniciativa pone de relieve su gran capacidad de ser l\u00edder del desarrollo, sensible a nuestras problem\u00e1ticas sociales\u201d, afirm\u00f3.<\/p>\n\n\n\n<p>El evento cont\u00f3 con la participaci\u00f3n de la embajadora encargada del Departamento de Asuntos de la OEA, Francina Grull\u00f3n; el presidente de la Fundaci\u00f3n Juan Bosch, Conrado Peguero; y otras personalidades. En un momento especial, se destac\u00f3 la presencia del embajador de M\u00e9xico en la Rep\u00fablica Dominicana, quien acompa\u00f1\u00f3 la ceremonia en reconocimiento a la premiada y al v\u00ednculo acad\u00e9mico y cultural que une a ambos pa\u00edses.<\/p>\n\n\n\n<p><strong>Sobre el premio<\/strong><\/p>\n\n\n\n<p>El Premio UNESCO\/Juan Bosch, financiado por el Gobierno de la Rep\u00fablica Dominicana y establecido en 2009, se inspira en la vida del profesor Juan Bosch y en su esp\u00edritu humanista. Su finalidad es reconocer las mejores tesis en ciencias sociales y humanas escritas por j\u00f3venes investigadores, con el objetivo de promover una investigaci\u00f3n cr\u00edtica, rigurosa e independiente sobre los desaf\u00edos contempor\u00e1neos en Am\u00e9rica Latina y el Caribe.<\/p>\n","protected":false},"excerpt":{"rendered":"<p>En su quinta edici\u00f3n, el galard\u00f3n fue otorgado a la investigadora mexicana Romina Quezada Morales. Santo Domingo de Guzm\u00e1n, Rep\u00fablica Dominicana.-&nbsp;La Organizaci\u00f3n de las Naciones Unidas para la Educaci\u00f3n, la&hellip; <\/p>\n","protected":false},"author":2,"featured_media":6772,"comment_status":"closed","ping_status":"closed","sticky":false,"template":"","format":"standard","meta":{"fifu_image_url":"https:\/\/mirex.gob.do\/wp-content\/uploads\/2025\/09\/WhatsApp-Image-2025-09-26-at-7.24.44-PM-1-1024x683.jpeg","fifu_image_alt":"","footnotes":""},"categories":[1],"tags":[],"class_list":["post-6770","post","type-post","status-publish","format-standard","has-post-thumbnail","hentry","category-sin-categoria"],"_links":{"self":[{"href":"https:\/\/elmundodelapolitica.com\/v1\/wp-json\/wp\/v2\/posts\/6770","targetHints":{"allow":["GET"]}}],"collection":[{"href":"https:\/\/elmundodelapolitica.com\/v1\/wp-json\/wp\/v2\/posts"}],"about":[{"href":"https:\/\/elmundodelapolitica.com\/v1\/wp-json\/wp\/v2\/types\/post"}],"author":[{"embeddable":true,"href":"https:\/\/elmundodelapolitica.com\/v1\/wp-json\/wp\/v2\/users\/2"}],"replies":[{"embeddable":true,"href":"https:\/\/elmundodelapolitica.com\/v1\/wp-json\/wp\/v2\/comments?post=6770"}],"version-history":[{"count":1,"href":"https:\/\/elmundodelapolitica.com\/v1\/wp-json\/wp\/v2\/posts\/6770\/revisions"}],"predecessor-version":[{"id":6771,"href":"https:\/\/elmundodelapolitica.com\/v1\/wp-json\/wp\/v2\/posts\/6770\/revisions\/6771"}],"wp:featuredmedia":[{"embeddable":true,"href":"https:\/\/elmundodelapolitica.com\/v1\/wp-json\/wp\/v2\/media\/6772"}],"wp:attachment":[{"href":"https:\/\/elmundodelapolitica.com\/v1\/wp-json\/wp\/v2\/media?parent=6770"}],"wp:term":[{"taxonomy":"category","embeddable":true,"href":"https:\/\/elmundodelapolitica.com\/v1\/wp-json\/wp\/v2\/categories?post=6770"},{"taxonomy":"post_tag","embeddable":true,"href":"https:\/\/elmundodelapolitica.com\/v1\/wp-json\/wp\/v2\/tags?post=6770"}],"curies":[{"name":"wp","href":"https:\/\/api.w.org\/{rel}","templated":true}]}}