{"id":6767,"date":"2025-09-26T16:26:22","date_gmt":"2025-09-26T20:26:22","guid":{"rendered":"https:\/\/elmundodelapolitica.com\/v1\/?p=6767"},"modified":"2025-09-28T16:27:22","modified_gmt":"2025-09-28T20:27:22","slug":"paises-de-america-latina-y-el-caribe-proponen-un-pacto-mundial-por-el-desarrollo-social-inclusivo","status":"publish","type":"post","link":"https:\/\/elmundodelapolitica.com\/v1\/paises-de-america-latina-y-el-caribe-proponen-un-pacto-mundial-por-el-desarrollo-social-inclusivo\/","title":{"rendered":"Pa\u00edses de Am\u00e9rica Latina y el Caribe proponen un pacto mundial por el desarrollo social inclusivo"},"content":{"rendered":"\n<p>Pa\u00edses participantes en la Sexta Reuni\u00f3n de la Conferencia Regional sobre Desarrollo Social de Am\u00e9rica Latina y el Caribe, que concluy\u00f3 hoy en Brasilia, acordaron llevar como regi\u00f3n a la Segunda Cumbre Mundial sobre Desarrollo Social de noviembre en Qatar la propuesta de aprobar un pacto mundial por el desarrollo social inclusivo para avanzar en la consecuci\u00f3n de las metas sociales de la Agenda 2030 para el Desarrollo Sostenible y enfrentar de manera proactiva y efectiva los desaf\u00edos de las pr\u00f3ximas d\u00e9cadas.<\/p>\n\n\n\n<p>En la resoluci\u00f3n de la Conferencia, los pa\u00edses solicitan \u201cal Gobierno del Brasil que, en el ejercicio de la Presidencia de la Mesa Directiva de la Conferencia Regional sobre Desarrollo Social de Am\u00e9rica Latina y el Caribe, difunda los mensajes de la regi\u00f3n contenidos en el documento Am\u00e9rica Latina y el Caribe a 30 a\u00f1os de la Cumbre Mundial sobre Desarrollo Social: hacia un pacto mundial por el desarrollo social inclusivo durante las actividades de la Segunda Cumbre Mundial sobre Desarrollo Social, que tendr\u00e1 lugar del 4 al 6 de noviembre de 2025 en Doha\u201d.<\/p>\n\n\n\n<p>Las y los delegados de los pa\u00edses de Am\u00e9rica Latina y el Caribe subrayaron \u201cla importancia de avanzar en la erradicaci\u00f3n de la pobreza y el hambre y de reducir significativamente las desigualdades que persisten en Am\u00e9rica Latina y el Caribe\u201d e hicieron un llamado \u201ca incrementar la coordinaci\u00f3n y la cooperaci\u00f3n regionales para redoblar los esfuerzos dirigidos a enfrentarlas de manera efectiva, eficiente y sostenible, con pol\u00edticas que se ajusten a los nuevos desaf\u00edos\u201d.<\/p>\n\n\n\n<p>El encuentro intergubernamental, celebrado entre el 2 y el 4 de septiembre en la capital de Brasil, fue organizado por la Comisi\u00f3n Econ\u00f3mica para Am\u00e9rica Latina y el Caribe (CEPAL), el Gobierno de Brasil y el Programa de las Naciones Unidas para el Desarrollo (PNUD), que realiz\u00f3 simult\u00e1neamente su XVII Foro Ministerial para el Desarrollo en Am\u00e9rica Latina y el Caribe.<\/p>\n\n\n\n<p>La ceremonia de clausura cont\u00f3 con un saludo (en video) de Wellington Dias, Ministro de Desarrollo y Asistencia Social, Familia y Lucha contra el Hambre del Brasil, y exposiciones de Osmar Ribeiro de Almeida J\u00fanior, Secretario Ejecutivo del mismo Ministerio; Almudena Fern\u00e1ndez, Economista Jefe para Am\u00e9rica Latina y el Caribe del PNUD; y Alberto Arenas de Mesa, Director de la Divisi\u00f3n de Desarrollo Social de la CEPAL.<\/p>\n\n\n\n<p>\u201cLa riqueza de experiencias que hemos visto aqu\u00ed \u2014en materia de protecci\u00f3n social, sistemas de cuidados, seguridad alimentaria y nutricional, atenci\u00f3n primaria de salud, educaci\u00f3n e inclusi\u00f3n productiva\u2014 confirma la vitalidad y el liderazgo de Am\u00e9rica Latina y el Caribe en pol\u00edticas sociales eficaces. Es un patrimonio vivo que inspira al mundo y que debemos seguir fortaleciendo\u201d, subray\u00f3 Osmar Ribeiro de Almeida J\u00fanior, Secretario Ejecutivo del Ministerio de Desarrollo y Asistencia Social, Familia y Lucha contra el Hambre de Brasil.<\/p>\n\n\n\n<p>\u201cSalimos de aqu\u00ed con tareas claras. La primera es mantener la cohesi\u00f3n y el impulso pol\u00edtico hasta Doha, donde tendremos una oportunidad \u00fanica de consolidar compromisos y se\u00f1alar una direcci\u00f3n com\u00fan para el per\u00edodo que seguir\u00e1. La segunda es mantener el rumbo y acelerar las transformaciones sociales en nuestra regi\u00f3n. Tenemos problemas presupuestarios, tenemos debates pol\u00edticos dif\u00edciles en nuestros pa\u00edses, pero es alentador mirar todo lo que ha sucedido en los \u00faltimos treinta a\u00f1os en t\u00e9rminos de avances sociales e imaginar que, con esta base mejorada, podemos hacer mucho m\u00e1s en los pr\u00f3ximos treinta\u201d, se\u00f1al\u00f3 Osmar Ribeiro de Almeida J\u00fanior.<\/p>\n\n\n\n<p>Alberto Arenas de Mesa, Director de la Divisi\u00f3n de Desarrollo Social de la CEPAL, agradeci\u00f3 a Brasil por acoger la Conferencia y al resto de las delegaciones por su participaci\u00f3n y colaboraci\u00f3n y llam\u00f3 -en representaci\u00f3n del Secretario Ejecutivo de la CEPAL, Jos\u00e9 Manuel Salazar-Xirinachs- a tomar la oportunidad que ofrece la Segunda Cumbre Mundial sobre Desarrollo Social para dar un impulso renovado y decisivo. \u201cEsperamos que esta Conferencia en Brasilia haya sido un eslab\u00f3n en esa tarea, y contribuya a un pacto mundial por el desarrollo social inclusivo donde la voz de Am\u00e9rica Latina y el Caribe sea una fuerza articuladora\u201d, dijo.<\/p>\n\n\n\n<p>En su intervenci\u00f3n, el alto funcionario de la CEPAL record\u00f3, asimismo, que la priorizaci\u00f3n de la inversi\u00f3n social requiere de voluntad pol\u00edtica. \u201cArticular esa voluntad pol\u00edtica pasa no solo por el liderazgo en s\u00ed mismo, sino tambi\u00e9n por construir un di\u00e1logo social amplio e inclusivo que contribuya a legitimar el fortalecimiento de las pol\u00edticas y su institucionalidad\u201d, destac\u00f3 Arenas de Mesa y enfatiz\u00f3 que \u201cla columna vertebral del desarrollo social inclusivo son los sistemas de protecci\u00f3n social que deben ser universales, integrales, sostenible y resilientes\u201d.<\/p>\n\n\n\n<p>\u201cLas discusiones de estos dos d\u00edas y medio nos recordaron que la lucha contra la pobreza, el hambre y las desigualdades siguen siendo el punto de partida de cualquier pacto social\u201d, plante\u00f3, por su parte, Almudena Fern\u00e1ndez, Economista Jefe para Am\u00e9rica Latina y el Caribe del PNUD, quien recalc\u00f3 que \u201caunque los desaf\u00edos han cambiado, el desarrollo social inclusivo no puede verse solo como un cap\u00edtulo sectorial o una pol\u00edtica social m\u00e1s, sino como la br\u00fajula que debe orientar todo el modelo de desarrollo en nuestros pa\u00edses. El desarrollo social inclusivo no es una opci\u00f3n: es una condici\u00f3n indispensable para el futuro de Am\u00e9rica Latina y el Caribe\u201d.<\/p>\n\n\n\n<p>La Mesa Directiva qued\u00f3 integrada por Brasil, en la Presidencia, y Barbados, Ecuador, Guatemala, Panam\u00e1, Paraguay, Rep\u00fablica Dominicana y Uruguay, en las Vicepresidencias.<\/p>\n\n\n\n<p>Finalmente, los pa\u00edses acogieron el ofrecimiento de Paraguay de ser sede de la S\u00e9ptima Reuni\u00f3n de la Conferencia Regional sobre Desarrollo Social de Am\u00e9rica Latina y el Caribe, y del XIX Foro Ministerial para el Desarrollo en Am\u00e9rica Latina y el Caribe del PNUD, en 2027.<\/p>\n","protected":false},"excerpt":{"rendered":"<p>Pa\u00edses participantes en la Sexta Reuni\u00f3n de la Conferencia Regional sobre Desarrollo Social de Am\u00e9rica Latina y el Caribe, que concluy\u00f3 hoy en Brasilia, acordaron llevar como regi\u00f3n a la&hellip; <\/p>\n","protected":false},"author":2,"featured_media":6769,"comment_status":"closed","ping_status":"closed","sticky":false,"template":"","format":"standard","meta":{"fifu_image_url":"https:\/\/www.cepal.org\/sites\/default\/files\/pr\/images\/54765418733_5b01ae2c22_o.jpg","fifu_image_alt":"","footnotes":""},"categories":[11],"tags":[],"class_list":["post-6767","post","type-post","status-publish","format-standard","has-post-thumbnail","hentry","category-america-latina"],"_links":{"self":[{"href":"https:\/\/elmundodelapolitica.com\/v1\/wp-json\/wp\/v2\/posts\/6767","targetHints":{"allow":["GET"]}}],"collection":[{"href":"https:\/\/elmundodelapolitica.com\/v1\/wp-json\/wp\/v2\/posts"}],"about":[{"href":"https:\/\/elmundodelapolitica.com\/v1\/wp-json\/wp\/v2\/types\/post"}],"author":[{"embeddable":true,"href":"https:\/\/elmundodelapolitica.com\/v1\/wp-json\/wp\/v2\/users\/2"}],"replies":[{"embeddable":true,"href":"https:\/\/elmundodelapolitica.com\/v1\/wp-json\/wp\/v2\/comments?post=6767"}],"version-history":[{"count":1,"href":"https:\/\/elmundodelapolitica.com\/v1\/wp-json\/wp\/v2\/posts\/6767\/revisions"}],"predecessor-version":[{"id":6768,"href":"https:\/\/elmundodelapolitica.com\/v1\/wp-json\/wp\/v2\/posts\/6767\/revisions\/6768"}],"wp:featuredmedia":[{"embeddable":true,"href":"https:\/\/elmundodelapolitica.com\/v1\/wp-json\/wp\/v2\/media\/6769"}],"wp:attachment":[{"href":"https:\/\/elmundodelapolitica.com\/v1\/wp-json\/wp\/v2\/media?parent=6767"}],"wp:term":[{"taxonomy":"category","embeddable":true,"href":"https:\/\/elmundodelapolitica.com\/v1\/wp-json\/wp\/v2\/categories?post=6767"},{"taxonomy":"post_tag","embeddable":true,"href":"https:\/\/elmundodelapolitica.com\/v1\/wp-json\/wp\/v2\/tags?post=6767"}],"curies":[{"name":"wp","href":"https:\/\/api.w.org\/{rel}","templated":true}]}}