{"id":6764,"date":"2025-09-24T16:24:44","date_gmt":"2025-09-24T20:24:44","guid":{"rendered":"https:\/\/elmundodelapolitica.com\/v1\/?p=6764"},"modified":"2025-09-28T16:25:43","modified_gmt":"2025-09-28T20:25:43","slug":"autoridades-analizaran-las-bases-para-una-agenda-de-planificacion-y-gestion-publica-para-el-desarrollo-sostenible-en-america-latina-y-el-caribe","status":"publish","type":"post","link":"https:\/\/elmundodelapolitica.com\/v1\/autoridades-analizaran-las-bases-para-una-agenda-de-planificacion-y-gestion-publica-para-el-desarrollo-sostenible-en-america-latina-y-el-caribe\/","title":{"rendered":"Autoridades analizar\u00e1n las bases para una agenda de planificaci\u00f3n y gesti\u00f3n p\u00fablica para el desarrollo sostenible en Am\u00e9rica Latina y el Caribe"},"content":{"rendered":"\n<p>Altas autoridades de los ministerios y oficinas de planificaci\u00f3n de los pa\u00edses de la regi\u00f3n se dar\u00e1n cita del 2 al 3 de octubre de 2025 en Brasilia para participar en la&nbsp;<a href=\"https:\/\/crp-ilpes.cepal.org\/20\/es\">Vig\u00e9sima Reuni\u00f3n del Consejo Regional de Planificaci\u00f3n del Instituto Latinoamericano y del Caribe de Planificaci\u00f3n Econ\u00f3mica y Social (ILPES),<\/a>&nbsp;&nbsp;organizada por la Comisi\u00f3n Econ\u00f3mica para Am\u00e9rica Latina y el Caribe (CEPAL) y el Gobierno de Brasil, a trav\u00e9s de la Secretar\u00eda Nacional de Planificaci\u00f3n del Ministerio de Planificaci\u00f3n y Presupuesto.<\/p>\n\n\n\n<p>La reuni\u00f3n, que ser\u00e1 inaugurada el jueves 2 de octubre a las 9:00 horas de Brasilia (GMT-3), congregar\u00e1 a ministros, viceministros y altas autoridades de los pa\u00edses de la regi\u00f3n junto a representantes de organismos internacionales, la academia y la sociedad civil, quienes dialogar\u00e1n en torno el documento titulado&nbsp;<strong>Bases para&nbsp;una agenda de&nbsp;planificaci\u00f3n y gesti\u00f3n p\u00fablica para el desarrollo sostenible en Am\u00e9rica Latina y el Caribe<\/strong>.<\/p>\n\n\n\n<p>Durante la cita intergubernamental, Jos\u00e9 Manuel Salazar-Xirinachs, Secretario Ejecutivo de la CEPAL, presentar\u00e1 el documento&nbsp;<em><strong>Capacidades institucionales t\u00e9cnicas, operativas, pol\u00edticas y prospectivas (TOPP) para la gesti\u00f3n de las transformaciones: fundamentos para un nuevo paradigma<\/strong><\/em>. El texto desarrolla el concepto de las capacidades TOPP y su importancia, no solo para dise\u00f1ar pol\u00edticas p\u00fablicas, sino tambi\u00e9n para implementarlas eficazmente, sostenerlas en el tiempo y adaptarlas a entornos cambiantes.&nbsp;<\/p>\n\n\n\n<p>La publicaci\u00f3n de ambos documentos proporcionar\u00e1 un nuevo rumbo al trabajo del ILPES en materia de capacitaci\u00f3n, asistencia t\u00e9cnica e investigaci\u00f3n en planificaci\u00f3n y gesti\u00f3n p\u00fablica para los pr\u00f3ximos cinco a\u00f1os.&nbsp;<\/p>\n\n\n\n<p>En el marco de la XX Reuni\u00f3n del Consejo Regional de Planificaci\u00f3n se celebrar\u00e1 la&nbsp;<strong>XIX Conferencia de Ministros y Jefes de Planificaci\u00f3n de Am\u00e9rica Latina y el Caribe<\/strong>, que tiene por objeto compartir experiencias de frontera sobre la pr\u00e1ctica, la experiencia y las perspectivas de la planificaci\u00f3n en la regi\u00f3n. En esta ocasi\u00f3n se llevar\u00e1n a cabo tres paneles sobre capacidades institucionales y cooperaci\u00f3n para la implementaci\u00f3n de una agenda regional de planificaci\u00f3n y gesti\u00f3n p\u00fablica.<\/p>\n\n\n\n<p>Previo al inicio de las actividades oficiales,&nbsp;el mi\u00e9rcoles 1 de octubre, se realizar\u00e1 la&nbsp;<a href=\"https:\/\/crp-ilpes.cepal.org\/20\/es\/node\/91\"><strong>Jornada de prospectiva, gobernanza anticipatoria&nbsp;y Pacto por un Futuro Productivo, Sostenible e Inclusivo<\/strong><\/a>. Esta jornada presentar\u00e1 el estado del arte en la materia tanto a nivel mundial como de Am\u00e9rica Latina y el Caribe. En especial, se har\u00e1 \u00e9nfasis en la Estrategia Brasil 2050.<\/p>\n\n\n\n<p>El&nbsp;<a href=\"https:\/\/www.cepal.org\/es\/organos-subsidiarios\/consejo-regional-planificacion-ilpes\"><em><strong>Consejo Regional de Planificaci\u00f3n<\/strong><\/em><\/a>&nbsp;es&nbsp;el principal \u00f3rgano intergubernamental de orientaci\u00f3n sustantiva de las actividades del&nbsp;<a href=\"https:\/\/www.cepal.org\/es\/acerca-ilpes\">Instituto Latinoamericano de Planificaci\u00f3n Econ\u00f3mica y Social<\/a>&nbsp;(ILPES) de la&nbsp;Comisi\u00f3n Econ\u00f3mica para Am\u00e9rica Latina y el Caribe (CEPAL).&nbsp;Est\u00e1 integrado por las principales autoridades de planificaci\u00f3n de los Estados miembros de la comisi\u00f3n regional de las Naciones Unidas.<\/p>\n\n\n\n<p><strong>Las y los periodistas interesados en cubrir presencialmente la reuni\u00f3n deben acreditarse a trav\u00e9s del siguiente&nbsp;<\/strong><a href=\"https:\/\/docs.google.com\/forms\/d\/e\/1FAIpQLSdEx5heUiYtzvN14mxZ1ir7TaJ6P0IcM-durOM4q5_UI1Be1g\/viewform\"><strong>enlace<\/strong><\/a><strong>.<\/strong><\/p>\n\n\n\n<p><strong>Toda la informaci\u00f3n disponible sobre la Conferencia, incluido el&nbsp;<\/strong><a href=\"https:\/\/crp-ilpes.cepal.org\/20\/es\/programme\"><strong>programa<\/strong><\/a><strong>, se puede consultar en el sitio especial:&nbsp;<\/strong><a href=\"https:\/\/crp-ilpes.cepal.org\/20\/es\"><strong>https:\/\/crp-ilpes.cepal.org\/20\/es<\/strong><\/a><strong>&nbsp;<\/strong>&nbsp;<\/p>\n\n\n\n<p><strong>QU\u00c9:<\/strong>&nbsp;Vig\u00e9sima Reuni\u00f3n del Consejo Regional de Planificaci\u00f3n del Instituto Latinoamericano y del Caribe de Planificaci\u00f3n Econ\u00f3mica y Social (ILPES).<\/p>\n\n\n\n<p><strong>CU\u00c1NDO:&nbsp;<\/strong>Jueves&nbsp;2, y viernes 3 de octubre de 2025.<\/p>\n\n\n\n<p><strong>QUI\u00c9NES:&nbsp;<\/strong>Altas autoridades de los ministerios y oficinas de planificaci\u00f3n de los pa\u00edses de la regi\u00f3n y representantes de organismos internacionales, la academia y la sociedad civil.<\/p>\n\n\n\n<p><strong>D\u00d3NDE:<\/strong>&nbsp;Edificio Central del Banco del Brasil&nbsp;Sector de Autarqu\u00edas Norte (SAUN), Cuadra 5, Lote B, Ala Norte, Brasilia&nbsp;Distrito Federal, 70040-912, Brasil.<\/p>\n","protected":false},"excerpt":{"rendered":"<p>Altas autoridades de los ministerios y oficinas de planificaci\u00f3n de los pa\u00edses de la regi\u00f3n se dar\u00e1n cita del 2 al 3 de octubre de 2025 en Brasilia para participar&hellip; <\/p>\n","protected":false},"author":2,"featured_media":6766,"comment_status":"closed","ping_status":"closed","sticky":false,"template":"","format":"standard","meta":{"fifu_image_url":"https:\/\/www.cepal.org\/sites\/default\/files\/pr\/images\/crp20-banner-esp.jpg","fifu_image_alt":"","footnotes":""},"categories":[11],"tags":[],"class_list":["post-6764","post","type-post","status-publish","format-standard","has-post-thumbnail","hentry","category-america-latina"],"_links":{"self":[{"href":"https:\/\/elmundodelapolitica.com\/v1\/wp-json\/wp\/v2\/posts\/6764","targetHints":{"allow":["GET"]}}],"collection":[{"href":"https:\/\/elmundodelapolitica.com\/v1\/wp-json\/wp\/v2\/posts"}],"about":[{"href":"https:\/\/elmundodelapolitica.com\/v1\/wp-json\/wp\/v2\/types\/post"}],"author":[{"embeddable":true,"href":"https:\/\/elmundodelapolitica.com\/v1\/wp-json\/wp\/v2\/users\/2"}],"replies":[{"embeddable":true,"href":"https:\/\/elmundodelapolitica.com\/v1\/wp-json\/wp\/v2\/comments?post=6764"}],"version-history":[{"count":1,"href":"https:\/\/elmundodelapolitica.com\/v1\/wp-json\/wp\/v2\/posts\/6764\/revisions"}],"predecessor-version":[{"id":6765,"href":"https:\/\/elmundodelapolitica.com\/v1\/wp-json\/wp\/v2\/posts\/6764\/revisions\/6765"}],"wp:featuredmedia":[{"embeddable":true,"href":"https:\/\/elmundodelapolitica.com\/v1\/wp-json\/wp\/v2\/media\/6766"}],"wp:attachment":[{"href":"https:\/\/elmundodelapolitica.com\/v1\/wp-json\/wp\/v2\/media?parent=6764"}],"wp:term":[{"taxonomy":"category","embeddable":true,"href":"https:\/\/elmundodelapolitica.com\/v1\/wp-json\/wp\/v2\/categories?post=6764"},{"taxonomy":"post_tag","embeddable":true,"href":"https:\/\/elmundodelapolitica.com\/v1\/wp-json\/wp\/v2\/tags?post=6764"}],"curies":[{"name":"wp","href":"https:\/\/api.w.org\/{rel}","templated":true}]}}